{"id":155143,"date":"2010-12-09T21:50:17","date_gmt":"2010-12-09T21:50:17","guid":{"rendered":"http:\/\/diariodominicano.ddns.net\/?p=155143"},"modified":"2010-12-09T21:50:17","modified_gmt":"2010-12-09T21:50:17","slug":"vicepresidente-reclama-acciones-valientes-sabias-y-oportunas-sobre-cambio-climatico","status":"publish","type":"post","link":"https:\/\/diariodominicano.com\/?p=155143","title":{"rendered":"&#13;Vicepresidente reclama acciones valientes, sabias y oportunas sobre cambio clim\u00e1tico"},"content":{"rendered":"<p><body><\/p>\n<p><img decoding=\"async\" src=\"http:\/\/localhost:8080\/justiciayderecho\/img3\/vice r d.jpg\" \/>  <\/p>\n<\/p>\n<p><span class=\"text1noticias\">Canc\u00fan (M\u00e9xico), 09 Dic 2010.- El vicepresidente de la Rep\u00fablica Dominicana, Rafael Alburquerque, pidi\u00f3 hoy no cerrar la cumbre de cambio clim\u00e1tico de Canc\u00fan con \u00abuna nueva frustraci\u00f3n\u00bb y reclam\u00f3 la adopci\u00f3n de decisiones \u00abvalientes, sabias y oportunas\u00bb en este foro.<\/span><\/p>\n<\/p>\n<p><span class=\"text1noticias\">Durante su intervenci\u00f3n ante el plenario de la cumbre, Alburquerque advirti\u00f3 que su pa\u00eds podr\u00eda perder en un tiempo \u00abrelativamente breve\u00bb el 13% de su territorio costero por la subida del nivel del mar, poniendo en riesgo sus ecosistemas y el turismo, su principal actividad econ\u00f3mica.<\/span><\/p>\n<\/p>\n<p><span class=\"text1noticias\">\u00abSi no logramos acuerdos, las repercusiones ser\u00e1n devastadoras\u00bb, subray\u00f3 el vicepresidente dominicano, que arranc\u00f3 los aplausos del plenario cuando pidi\u00f3 que Canc\u00fan no acabe en fracaso.<\/span><\/p>\n<\/p>\n<p><span class=\"text1noticias\">Pese a la que la realidad del cambio clim\u00e1tico \u00abno est\u00e1 en duda, s\u00ed lo est\u00e1 nuestra capacidad de actuar\u00bb, a\u00f1adi\u00f3 Alburquerque, en cuya opini\u00f3n la \u00fanica esperanza de revertir la actual situaci\u00f3n radica en la toma de decisiones \u00abvalientes, sabias y oportunas\u00bb en esta ciudad mexicana.<\/span><\/p>\n<\/p>\n<p><span class=\"text1noticias\">\u00abNo defraudemos a nuestros pueblos y actuemos con justicia, valent\u00eda y con sentido de la historia\u00bb, dijo el vicepresidente dominicano durante su intervenci\u00f3n en la XVI Conferencia de las Partes de la ONU sobre Cambio Clim\u00e1tico que se desarrolla en Canc\u00fan.<\/span><\/p>\n<\/p>\n<p><span class=\"text1noticias\">Tras recordar que la presente d\u00e9cada registr\u00f3 las temperaturas m\u00e1s altas del planeta, Alburquerque urgi\u00f3 \u00abvehemente\u00bb a los pa\u00edses desarrollados a asumir con responsabilidad \u00abhist\u00f3rica e intergeneracional\u00bb las obligaciones para alcanzar un marco legal eficiente.<\/span><\/p>\n<\/p>\n<p><span class=\"text1noticias\">\u00abRep\u00fablica Dominicana no viene a se\u00f1alar culpables, pero ha llegado el momento de reparar el da\u00f1o que se ha hecho al planeta\u00bb, subray\u00f3 el vicepresidente dominicano ante los representantes de m\u00e1s de 190 pa\u00edses.<\/span><\/p>\n<\/p>\n<p><span class=\"text1noticias\">Durante su intervenci\u00f3n tambi\u00e9n repas\u00f3 algunas de las acciones impulsadas por su pa\u00eds para afrontar el cambio clim\u00e1tico, entre ellas la plantaci\u00f3n de 90 millones de \u00e1rboles, con lo que se ha incrementado la cobertura forestal en un 35% desde el a\u00f1o 1998.<\/span><\/p>\n<\/p>\n<h6> 2010-12-09 21:50:17 <\/h6>\n<p><!--\n<link rel=\"stylesheet\" href=\"css\/bootstrap.min.css\">\n\n\n<ul class=\"pagination\">\n\t    \n\t\n\n<li >\n\t<a href='?page_no=30310'>Previous<\/a>\n\t<\/li>\n\n\n       \n    \n\n<li><a href='?page_no=1'>1<\/a><\/li>\n\n\n\n<li><a href='?page_no=2'>2<\/a><\/li>\n\n\n\n<li><a>...<\/a><\/li>\n\n\n\n<li><a href='?page_no=30309'>30309<\/a><\/li>\n\n\n\n<li><a href='?page_no=30310'>30310<\/a><\/li>\n\n\n\n<li class='active'><a>30311<\/a><\/li>\n\n\n\n<li><a href='?page_no=30312'>30312<\/a><\/li>\n\n\n\n<li><a href='?page_no=30313'>30313<\/a><\/li>\n\n\n\n<li><a>...<\/a><\/li>\n\n\n\n<li><a href='?page_no=31963'>31963<\/a><\/li>\n\n\n\n<li><a href='?page_no=31964'>31964<\/a><\/li>\n\n    \n\t\n\n<li >\n\t<a href='?page_no=30312'>Next<\/a>\n\t<\/li>\n\n\n    \n\n<li><a href='?page_no=31964'>Last &rsaquo;&rsaquo;<\/a><\/li>\n\n<\/ul>\n\n\n--><br \/>\n<\/body><\/p>\n","protected":false},"excerpt":{"rendered":"<p>Canc\u00fan (M\u00e9xico), 09 Dic 2010.- El vicepresidente de la Rep\u00fablica Dominicana, Rafael Alburquerque, pidi\u00f3 hoy no cerrar la cumbre de cambio clim\u00e1tico de Canc\u00fan con \u00abuna nueva frustraci\u00f3n\u00bb y reclam\u00f3 la adopci\u00f3n de decisiones \u00abvalientes, sabias y oportunas\u00bb en este foro. Durante su intervenci\u00f3n ante el plenario de la cumbre, Alburquerque advirti\u00f3 que su pa\u00eds [&hellip;]<\/p>\n","protected":false},"author":3,"featured_media":0,"comment_status":"open","ping_status":"open","sticky":false,"template":"","format":"standard","meta":{"footnotes":""},"categories":[24],"tags":[],"class_list":["post-155143","post","type-post","status-publish","format-standard","hentry","category-justicia-y-derecho"],"_links":{"self":[{"href":"https:\/\/diariodominicano.com\/index.php?rest_route=\/wp\/v2\/posts\/155143","targetHints":{"allow":["GET"]}}],"collection":[{"href":"https:\/\/diariodominicano.com\/index.php?rest_route=\/wp\/v2\/posts"}],"about":[{"href":"https:\/\/diariodominicano.com\/index.php?rest_route=\/wp\/v2\/types\/post"}],"author":[{"embeddable":true,"href":"https:\/\/diariodominicano.com\/index.php?rest_route=\/wp\/v2\/users\/3"}],"replies":[{"embeddable":true,"href":"https:\/\/diariodominicano.com\/index.php?rest_route=%2Fwp%2Fv2%2Fcomments&post=155143"}],"version-history":[{"count":0,"href":"https:\/\/diariodominicano.com\/index.php?rest_route=\/wp\/v2\/posts\/155143\/revisions"}],"wp:attachment":[{"href":"https:\/\/diariodominicano.com\/index.php?rest_route=%2Fwp%2Fv2%2Fmedia&parent=155143"}],"wp:term":[{"taxonomy":"category","embeddable":true,"href":"https:\/\/diariodominicano.com\/index.php?rest_route=%2Fwp%2Fv2%2Fcategories&post=155143"},{"taxonomy":"post_tag","embeddable":true,"href":"https:\/\/diariodominicano.com\/index.php?rest_route=%2Fwp%2Fv2%2Ftags&post=155143"}],"curies":[{"name":"wp","href":"https:\/\/api.w.org\/{rel}","templated":true}]}}