{"id":155140,"date":"2010-12-10T13:13:09","date_gmt":"2010-12-10T13:13:09","guid":{"rendered":"http:\/\/diariodominicano.ddns.net\/?p=155140"},"modified":"2010-12-10T13:13:09","modified_gmt":"2010-12-10T13:13:09","slug":"vicepresidente-alburquerque-dice-es-hora-de-actuar-con-firmeza-frente-al-cambio-climatico","status":"publish","type":"post","link":"https:\/\/diariodominicano.com\/?p=155140","title":{"rendered":"Vicepresidente Alburquerque dice es hora de actuar con firmeza frente al cambio clim\u00e1tico"},"content":{"rendered":"<p><body><\/p>\n<p><img decoding=\"async\" src=\"http:\/\/localhost:8080\/justiciayderecho\/img3\/vice Albulquerque en el aeropuerto.JPG\" \/>  <\/p>\n<\/p>\n<p><span class=\"text1noticias\">CANCUN, MEXICO, 10 dic 2010.-  El vicepresidente de la Rep\u00fablica Dominicana,  Rafael Alburquerque, vaticin\u00f3 un futuro sombr\u00edo e incierto para la Isla Hispaniola que comparten Rep\u00fablica Dominicana y Hait\u00ed, tras afirmar que si no se ponen en marcha acciones concretas para reducir el calentamiento global, en un tiempo relativamente breve la subida del nivel del mar cubrir\u00eda el 13 por ciento de  la zona costera de la isla como consecuencia de los efectos del Cambio Clim\u00e1tico.<\/span><\/p>\n<\/p>\n<p><span class=\"text1noticias\">Puso como ejemplo el indetenible aumento, hasta ahora inexplicable por los cient\u00edficos, de los niveles de las aguas de los lagos Enriquillo y Azuei (en Hait\u00ed), ubicados en la porci\u00f3n suroeste de la isla, cuyo aumento ha ocupado decenas de miles de tareas de tierra de producci\u00f3n agr\u00edcola y ha provocado el desplazamiento de cientos de familias de la referida regi\u00f3n.<\/span><\/p>\n<\/p>\n<p><span class=\"text1noticias\">?Es hora de actuar con firmeza y compromiso para adoptar medidas que nos aseguren dar respuesta a los problemas y grandes retos que se derivan del Cambio Clim\u00e1tico, y es por ello que urgimos con vehemencia a los pa\u00edses desarrollados a asumir con responsabilidad hist\u00f3rica e intergeneracional, las obligaciones  que nos permitan, a partir del 2011, actuar en el marco de un nuevo y eficiente r\u00e9gimen clim\u00e1tico mundial?, destaco Alburquerque.<\/span><\/p>\n<\/p>\n<p><span class=\"text1noticias\">El vicepresidente Rafael Alburquerque habl\u00f3 en esos t\u00e9rminos al pronunciar un discurso en el marco de la XVI Cumbre sobre el Cambio Clim\u00e1tico que se celebra en esta ciudad de M\u00e9xico, y que busca un acuerdo global que permita a todas las  naciones del mundo la reducci\u00f3n de los Gases de Efecto Invernadero, para evitar el calentamiento global, principal causa del Cambio Clim\u00e1tico.<\/span><\/p>\n<p><span class=\"text1noticias\">Dijo adem\u00e1s que el aumento de las aguas en la zona costera de la isla pondr\u00eda en riesgo el ecosistema y la biodiversidad, y afectar\u00eda el turismo, considerado como la principal actividad econ\u00f3mica de Rep\u00fablica Dominicana.<\/span><\/p>\n<\/p>\n<p><span class=\"text1noticias\">Asegur\u00f3 que el efecto ser\u00eda devastador para la econom\u00eda del pa\u00eds y provocar\u00eda una inseguridad alimentaria, por lo que la naci\u00f3n dominicana se ver\u00eda impedida de cumplir con los Objetivos de Desarrollo del Milenio.<\/span><\/p>\n<\/p>\n<p><span class=\"text1noticias\">?La humanidad tiene sus expectativas en Canc\u00fan, y si no logramos un compromiso entre pa\u00edses desarrollados y los en v\u00edas de desarrollo, las repercusiones de la inacci\u00f3n ser\u00e1n devastadoras para el mundo, pues se incrementar\u00e1n la pobreza, el hambre, las enfermedades y los eventos clim\u00e1ticos extremos?, subray\u00f3 el vicepresidente Rafael Alburquerque, quien encabeza la delegaci\u00f3n oficial dominicana que se encuentra participando en dicho c\u00f3nclave.<\/span><\/p>\n<\/p>\n<p><span class=\"text1noticias\">Indic\u00f3 que ante la amenaza latente que vive la humanidad como resultado de los efectos del Cambio Clim\u00e1tico es hora de actuar con responsabilidad, sin mirar culpables y asumir el compromiso de salvar al planeta, como un legado de la presente a  las futuras generaciones.<\/span><\/p>\n<\/p>\n<p><span class=\"text1noticias\">?Enfrentamos a nivel planetario la mayor amenaza de la humanidad en el siglo XXI, entre las que est\u00e1n el incremento en las emisiones de gases con efecto invernadero, el alza de las temperaturas, el peligro de un clima impredeciblemente cambiante, mareas cada vez m\u00e1s altas, da\u00f1os a la salud humana y los ecosistemas, y desastres por fen\u00f3menos atmosf\u00e9ricos cada d\u00eda m\u00e1s frecuentes e intensos?, expres\u00f3 Alburquerque. <\/span><\/p>\n<\/p>\n<p><span class=\"text1noticias\">Dijo que para la implementaci\u00f3n de acciones de adaptaci\u00f3n y mitigaci\u00f3n en el sector tur\u00edstico, agua y energ\u00eda en la Rep\u00fablica Dominicana, se requieren m\u00e1s de 8,500  millones de d\u00f3lares para un per\u00edodo de 20 a\u00f1os, lo que representa el 150 por ciento del Producto Interno Bruto del pa\u00eds. <\/span><\/p>\n<\/p>\n<p><span class=\"text1noticias\">?Es inquebrantable la voluntad de nuestro pa\u00eds de contribuir a reducir las causas del Cambio Clim\u00e1tico, pero necesitamos apoyo en el orden financiero, transferencia tecnol\u00f3gica y otros, que nos ayuden a implementar acciones de adaptaci\u00f3n y mitigaci\u00f3n?, enfatizo el vicepresidente Alburquerque, quien adem\u00e1s destac\u00f3 el programa de Reforestaci\u00f3n Quisqueya Verde, el cual dijo ha plantado m\u00e1s de 90 millones de \u00e1rboles en todo el pa\u00eds.<\/span><\/p>\n<\/p>\n<p><span class=\"text1noticias\">El vicepresidente de la Rep\u00fablica encabeza la delegaci\u00f3n oficial dominicana junto al ministro de Medio Ambiente, Jaime David Fern\u00e1ndez Mirabal, el vicepresidente ejecutivo del Consejo Nacional del Cambio Clim\u00e1tico, Omar Ram\u00edrez, y los viceministros de Econom\u00eda y Medio Ambiente, Nelson Toca y Patricia Abreu.<\/span><\/p>\n<\/p>\n<p><span class=\"text1noticias\">Acompa\u00f1an tambi\u00e9n al vicepresidente en la 16ava. Cumbre sobre el Cambio Clim\u00e1tico y el Protocolo de Kioto, su esposa Do\u00f1a Martha Montes de Oca de Alburquerque, el jefe de su Escolta Militar, general de brigada Polic\u00eda Nacional, Ram\u00f3n Alc\u00e1ntara, y sus asistentes personales y de prensa, Ram\u00f3n Ram\u00edrez y Felipe Romero, respectivamente.<\/span><\/p>\n<\/p>\n<h6> 2010-12-10 13:13:09 <\/h6>\n<p><!--\n<link rel=\"stylesheet\" href=\"css\/bootstrap.min.css\">\n\n\n<ul class=\"pagination\">\n\t    \n\t\n\n<li >\n\t<a href='?page_no=30307'>Previous<\/a>\n\t<\/li>\n\n\n       \n    \n\n<li><a href='?page_no=1'>1<\/a><\/li>\n\n\n\n<li><a href='?page_no=2'>2<\/a><\/li>\n\n\n\n<li><a>...<\/a><\/li>\n\n\n\n<li><a href='?page_no=30306'>30306<\/a><\/li>\n\n\n\n<li><a href='?page_no=30307'>30307<\/a><\/li>\n\n\n\n<li class='active'><a>30308<\/a><\/li>\n\n\n\n<li><a href='?page_no=30309'>30309<\/a><\/li>\n\n\n\n<li><a href='?page_no=30310'>30310<\/a><\/li>\n\n\n\n<li><a>...<\/a><\/li>\n\n\n\n<li><a href='?page_no=31963'>31963<\/a><\/li>\n\n\n\n<li><a href='?page_no=31964'>31964<\/a><\/li>\n\n    \n\t\n\n<li >\n\t<a href='?page_no=30309'>Next<\/a>\n\t<\/li>\n\n\n    \n\n<li><a href='?page_no=31964'>Last &rsaquo;&rsaquo;<\/a><\/li>\n\n<\/ul>\n\n\n--><br \/>\n<\/body><\/p>\n","protected":false},"excerpt":{"rendered":"<p>CANCUN, MEXICO, 10 dic 2010.- El vicepresidente de la Rep\u00fablica Dominicana, Rafael Alburquerque, vaticin\u00f3 un futuro sombr\u00edo e incierto para la Isla Hispaniola que comparten Rep\u00fablica Dominicana y Hait\u00ed, tras afirmar que si no se ponen en marcha acciones concretas para reducir el calentamiento global, en un tiempo relativamente breve la subida del nivel del [&hellip;]<\/p>\n","protected":false},"author":3,"featured_media":0,"comment_status":"open","ping_status":"open","sticky":false,"template":"","format":"standard","meta":{"footnotes":""},"categories":[24],"tags":[],"class_list":["post-155140","post","type-post","status-publish","format-standard","hentry","category-justicia-y-derecho"],"_links":{"self":[{"href":"https:\/\/diariodominicano.com\/index.php?rest_route=\/wp\/v2\/posts\/155140","targetHints":{"allow":["GET"]}}],"collection":[{"href":"https:\/\/diariodominicano.com\/index.php?rest_route=\/wp\/v2\/posts"}],"about":[{"href":"https:\/\/diariodominicano.com\/index.php?rest_route=\/wp\/v2\/types\/post"}],"author":[{"embeddable":true,"href":"https:\/\/diariodominicano.com\/index.php?rest_route=\/wp\/v2\/users\/3"}],"replies":[{"embeddable":true,"href":"https:\/\/diariodominicano.com\/index.php?rest_route=%2Fwp%2Fv2%2Fcomments&post=155140"}],"version-history":[{"count":0,"href":"https:\/\/diariodominicano.com\/index.php?rest_route=\/wp\/v2\/posts\/155140\/revisions"}],"wp:attachment":[{"href":"https:\/\/diariodominicano.com\/index.php?rest_route=%2Fwp%2Fv2%2Fmedia&parent=155140"}],"wp:term":[{"taxonomy":"category","embeddable":true,"href":"https:\/\/diariodominicano.com\/index.php?rest_route=%2Fwp%2Fv2%2Fcategories&post=155140"},{"taxonomy":"post_tag","embeddable":true,"href":"https:\/\/diariodominicano.com\/index.php?rest_route=%2Fwp%2Fv2%2Ftags&post=155140"}],"curies":[{"name":"wp","href":"https:\/\/api.w.org\/{rel}","templated":true}]}}