{"id":155139,"date":"2010-12-10T13:33:18","date_gmt":"2010-12-10T13:33:18","guid":{"rendered":"http:\/\/diariodominicano.ddns.net\/?p=155139"},"modified":"2010-12-10T13:33:18","modified_gmt":"2010-12-10T13:33:18","slug":"edenorte-suspenciones-servicios-energetic-por-trabajos-en-redes-en-varias-zonas-de-santiago","status":"publish","type":"post","link":"https:\/\/diariodominicano.com\/?p=155139","title":{"rendered":"EDENORTE suspenciones servicios energ\u00e9tic por trabajos en redes en varias zonas de Santiago"},"content":{"rendered":"<p><body><\/p>\n<p><span class=\"text1noticias\">SANTIAGO, RD, 10 dic 2010.- La Empresa Distribuidora de electricidad del Norte (EDENORTE) inform\u00f3 la suspensi\u00f3n del servicio energ\u00e9tico en circuitos \u00abA\u00bb de su \u00e1rea de concesi\u00f3n, debido a diferentes trabajos que se realizar\u00e1n en las redes.<\/span><\/p>\n<\/p>\n<p><span class=\"text1noticias\">Dichas labores se llevar\u00e1n a cabo desde el s\u00e1bado 11 al jueves 16 de este mes en diferentes horarios, explica una declaraci\u00f3n de esa empresa.<\/span><\/p>\n<\/p>\n<p><span class=\"text1noticias\">El s\u00e1bado, de 12:00 a 5:00 de la tarde, se ver\u00e1n afectados en Bonao el parque de la Zona Franca, la avenida Libertad, UASD, Factor\u00eda Rodr\u00edguez y Caba\u00f1as Hermes. <\/span><\/p>\n<\/p>\n<p><span class=\"text1noticias\">A contar de la misma hora, pero hasta las 6:00, habr\u00e1 suspensiones en las zonas francas de Guazumal y Canca la Piedra, La Chocolatera, Lopizza, f\u00e1brica de embutidos Tamboril, planta de gas Cocigas y la estaci\u00f3n  de gasolina Isla, de ese municipio.<\/span><\/p>\n<\/p>\n<p><span class=\"text1noticias\">Por podas de \u00e1rboles, de 12:00 a 4:00 pasado meridiano del s\u00e1bado no habr\u00e1 electricidad en los circuitos \u00abA\u00bb en Dajab\u00f3n al servicio de Hielo Beller, Caba\u00f1as Brisa del Masacre, Factor\u00eda Mukai, Hotel Bonanza, Blocks Dominicanos y Zona Franca CODIDA.<\/span><\/p>\n<\/p>\n<p><span class=\"text1noticias\">De 2:00 a 6:00 de esa tarde habr\u00e1 suspensi\u00f3n en el \u00e1rea de Quinigua, Villa Gonz\u00e1lez, donde funcionan Ferquido, Intabaco, Picus, Davidoff, Suplegas, Mirage, Andy Ranch, Las Vegas, Cocigas, Metro Gas, Factor\u00eda Hermanos Hern\u00e1ndez, Embutidos Continental, Almonte &amp; Asociados y AGROFEM.<\/span><\/p>\n<\/p>\n<p><span class=\"text1noticias\">Mientras que el lunes 13, de 7:30 de la ma\u00f1ana a 1:00 de la tarde no dispondr\u00e1n de electricidad los circuitos \u00abA\u00bb de La Vega correspondientes a la avenida Pedro A. Rivera (parcial). La Llanada, Bayacanes, Jagua Gorda, Los Valerio, Guaco, La Guaranita, La Penda, Carretera Vieja Burende, Manga Larga, Ramal de Nin, Burende, Botija, Cabirmota, La Sabanita, Los Corozos, Santo Cerro, Villa Francisca 1 y 2, Los Multi, La Primavera, Do\u00f1a Merin (parcial) y Nibaje.<\/span><\/p>\n<\/p>\n<p><span class=\"text1noticias\">El lunes y martes, de 8:00 a 9:00 ante meridiano, no habr\u00e1 electricidad en los circuitos de Moca correspondientes al parque de Zona Franca, avenida Ram\u00f3n C\u00e1ceres hasta Maciel, Batuto, Farmoqu\u00edmica. urbanizaci\u00f3n del Este, Barrio Roque,  Mejoramiento Social. La Rosario, El Caimito, Guauc\u00ed, Juan L\u00f3pez, Villa Trina, El Mogote, Quebrada Honda, Carretera Moca-Salcedo, San Luis, Cacique, J\u00e1baba y Los Jengibres abajo.<\/span><\/p>\n<\/p>\n<p><span class=\"text1noticias\">De 8:00 a 12:00 del medio d\u00eda del martes 14 habr\u00e1 podas de \u00e1rboles en Moca, afectando a Don Bosco, Villa Elsa, El Eur\u00edpides, Industrias Banilejas, UTESA. Cayetano Germos\u00e9n, La Sabana, Cutup\u00fa, Arroyo Hondo, C\u00e1ceres, Hincha, La Isleta, El Naranjal, Sabana de los Jimenez, Las Uvas y La Soledad. En ese mismo horario, el mismo d\u00eda se estar\u00e1 trabajando en la parte c\u00e9ntrica del municipio de Esperanza.<\/span><\/p>\n<p><span class=\"text1noticias\">Tambi\u00e9n el martes, de 9:00 de la ma\u00f1ana a 1:00 de la tarde, no habr\u00e1 energ\u00eda en los circuitos \u00abA\u00bb de Santiago del Centro Le\u00f3n, Cerro Hermoso, Las Damas, Llanos De Gurabo, urbanizaci\u00f3n Guti\u00e9rrez Country, Los Hidalgos, Pontezuela, Don Pedro (parcial) Hoya Del Caimito, Villa de Los Cerros, Las Dianas (parcial) El Dorado I y II y El Jobo.<\/span><\/p>\n<\/p>\n<p><span class=\"text1noticias\">De 9:30 a 1:30, ese mismo d\u00eda, se estar\u00e1 trabajando en la adecuaci\u00f3n de las redes en los sectores santiaguenses de Bella Vista, Reparto Peralta, La Barranquita, Corona Plaza, Cursa-Uasd. El Flumen, La Herradura, Barrio Lindo, Hato del Yaque, Barrio Nuevo, Los Guandules, Villa Progreso y Barrio Balaguer.<\/span><\/p>\n<\/p>\n<p><span class=\"text1noticias\">Tambi\u00e9n el martes, pero de 10:00 de la ma\u00f1ana a 3:00 pasado meridiano, el servicio ser\u00e1 suspendido, afectando a Bella Vista Industrial,  COORASAN, Nibaje, Ochoa Pastor, Tener\u00eda Bojos, Ochoa Las Charcas y almac\u00e9n de EDENORTE de Las Charcas.<\/span><\/p>\n<\/p>\n<p><span class=\"text1noticias\">En Bonao, de 8:00 de la ma\u00f1ana a 2:00 de la tarde, tambi\u00e9n el martes, en el barrio Las Flores, Puerto Rico, La Delicia, 12 Julio hasta la pista, calle Los Santos, Residencial Las Villas, M\u00f3nica, San Pablo y La Espaillat.<\/span><\/p>\n<\/p>\n<p><span class=\"text1noticias\">As\u00ed mismo, el centro de la ciudad de Bonao,  Residencial Leannet, Los Cedros. Brisa del Yuna, Villa Liberaci\u00f3n, Los Platanitos (parcial) calle Padre Billini, entre la general Cabral y Los Santos; urbanizaci\u00f3n M\u00f3nica, Residencial San Pablo, Los Cedros y calle Padre Fantino.<\/span><\/p>\n<\/p>\n<p><span class=\"text1noticias\">Entre los lugares que en Santiago,  de 8:30 de la ma\u00f1ana a 1:00 de la tarde no dispondr\u00e1n de electricidad el jueves 16 figuran, , CORAASAN Rafey, ensanche Espaillat (parcial) ensanche Berm\u00fadez, Barrio Libertad, Ingco I, Ingco II, Las Am\u00e9ricas, Las Palmas, Altos de Rafey y Rafey,C\u00e1rcel de Rafey, urbanizaci\u00f3n Don Jaime y Las Palmas, de manera parcial.<\/span><\/p>\n<\/p>\n<p><span class=\"text1noticias\">De 12:00 a 4:00 de la tarde, tambi\u00e9n en Santiago, Ferreter\u00eda Ochoa, urbanizaciones Los Reyes, Las Am\u00e9ricas y Real, Buenos Aires, Obras P\u00fablicas, Jacagua, Francisco del Rosario S\u00e1nchez, Loma del Buzo, Las Tres Cruces, Los Cocos y Ranchito Pich\u00e9.<\/span> <\/p>\n<\/p>\n<\/p>\n<\/p>\n<\/p>\n<\/p>\n<h6> 2010-12-10 13:33:18 <\/h6>\n<p><!--\n<link rel=\"stylesheet\" href=\"css\/bootstrap.min.css\">\n\n\n<ul class=\"pagination\">\n\t    \n\t\n\n<li >\n\t<a href='?page_no=30306'>Previous<\/a>\n\t<\/li>\n\n\n       \n    \n\n<li><a href='?page_no=1'>1<\/a><\/li>\n\n\n\n<li><a href='?page_no=2'>2<\/a><\/li>\n\n\n\n<li><a>...<\/a><\/li>\n\n\n\n<li><a href='?page_no=30305'>30305<\/a><\/li>\n\n\n\n<li><a href='?page_no=30306'>30306<\/a><\/li>\n\n\n\n<li class='active'><a>30307<\/a><\/li>\n\n\n\n<li><a href='?page_no=30308'>30308<\/a><\/li>\n\n\n\n<li><a href='?page_no=30309'>30309<\/a><\/li>\n\n\n\n<li><a>...<\/a><\/li>\n\n\n\n<li><a href='?page_no=31963'>31963<\/a><\/li>\n\n\n\n<li><a href='?page_no=31964'>31964<\/a><\/li>\n\n    \n\t\n\n<li >\n\t<a href='?page_no=30308'>Next<\/a>\n\t<\/li>\n\n\n    \n\n<li><a href='?page_no=31964'>Last &rsaquo;&rsaquo;<\/a><\/li>\n\n<\/ul>\n\n\n--><br \/>\n<\/body><\/p>\n","protected":false},"excerpt":{"rendered":"<p>SANTIAGO, RD, 10 dic 2010.- La Empresa Distribuidora de electricidad del Norte (EDENORTE) inform\u00f3 la suspensi\u00f3n del servicio energ\u00e9tico en circuitos \u00abA\u00bb de su \u00e1rea de concesi\u00f3n, debido a diferentes trabajos que se realizar\u00e1n en las redes. Dichas labores se llevar\u00e1n a cabo desde el s\u00e1bado 11 al jueves 16 de este mes en diferentes [&hellip;]<\/p>\n","protected":false},"author":3,"featured_media":0,"comment_status":"open","ping_status":"open","sticky":false,"template":"","format":"standard","meta":{"footnotes":""},"categories":[24],"tags":[],"class_list":["post-155139","post","type-post","status-publish","format-standard","hentry","category-justicia-y-derecho"],"_links":{"self":[{"href":"https:\/\/diariodominicano.com\/index.php?rest_route=\/wp\/v2\/posts\/155139","targetHints":{"allow":["GET"]}}],"collection":[{"href":"https:\/\/diariodominicano.com\/index.php?rest_route=\/wp\/v2\/posts"}],"about":[{"href":"https:\/\/diariodominicano.com\/index.php?rest_route=\/wp\/v2\/types\/post"}],"author":[{"embeddable":true,"href":"https:\/\/diariodominicano.com\/index.php?rest_route=\/wp\/v2\/users\/3"}],"replies":[{"embeddable":true,"href":"https:\/\/diariodominicano.com\/index.php?rest_route=%2Fwp%2Fv2%2Fcomments&post=155139"}],"version-history":[{"count":0,"href":"https:\/\/diariodominicano.com\/index.php?rest_route=\/wp\/v2\/posts\/155139\/revisions"}],"wp:attachment":[{"href":"https:\/\/diariodominicano.com\/index.php?rest_route=%2Fwp%2Fv2%2Fmedia&parent=155139"}],"wp:term":[{"taxonomy":"category","embeddable":true,"href":"https:\/\/diariodominicano.com\/index.php?rest_route=%2Fwp%2Fv2%2Fcategories&post=155139"},{"taxonomy":"post_tag","embeddable":true,"href":"https:\/\/diariodominicano.com\/index.php?rest_route=%2Fwp%2Fv2%2Ftags&post=155139"}],"curies":[{"name":"wp","href":"https:\/\/api.w.org\/{rel}","templated":true}]}}