{"id":155134,"date":"2010-12-10T20:02:27","date_gmt":"2010-12-10T20:02:27","guid":{"rendered":"http:\/\/diariodominicano.ddns.net\/?p=155134"},"modified":"2010-12-10T20:02:27","modified_gmt":"2010-12-10T20:02:27","slug":"senado-invita-a-melanio-paredes-para-que-hable-del-4-del-pib-y-los-textos-integrados-informa-eddy-mateo","status":"publish","type":"post","link":"https:\/\/diariodominicano.com\/?p=155134","title":{"rendered":"Senado invita a Melanio Paredes para que hable del 4% del PIB y  los textos integrados, informa Eddy Mateo."},"content":{"rendered":"<p><body><\/p>\n<p><img decoding=\"async\" src=\"http:\/\/localhost:8080\/justiciayderecho\/img3\/MELANIOp.jpg\" \/>  <\/p>\n<p><span class=\"text1noticias\">    <\/span><\/p>\n<p><span class=\"text1noticias\">Santo Domingo, 10 Dic 2010.- El Ministro de Educaci\u00f3n, Melanio Paredes fue invitado a comparecer ante la Comisi\u00f3n de Educaci\u00f3n del Senado para escuchar sus planteamientos sobre la demanda del cuatro por ciento del Producto Interno Bruto al sector educativo. <\/span><\/p>\n<p><span class=\"text1noticias\"> <\/span><\/p>\n<p><span class=\"text1noticias\">La informaci\u00f3n fue ofrecida por el licenciado Eddy Mateo V\u00e1squez,  autor del proyecto de resoluci\u00f3n que invita al Ministerio de Educaci\u00f3n, Paredes a la C\u00e1mara Alta, la cual fue aprobada por los legisladores. <\/span><\/p>\n<p><span class=\"text1noticias\"> <\/span><\/p>\n<p><span class=\"text1noticias\">Adem\u00e1s del cuatro por ciento del Producto Interno Bruto (PIB), el Ministro ser\u00e1 escuchado sobre los textos Integrados de la Educaci\u00f3n Inicial y Cuarto y B\u00e1sica.<\/span><\/p>\n<p><span class=\"text1noticias\"> <\/span><\/p>\n<p><span class=\"text1noticias\">?El compa\u00f1ero Melanio Paredes tendr\u00e1 la oportunidad de expresar su posici\u00f3n, respecto a las demandas del cuatro por ciento del PIB para la Educaci\u00f3n ?, apunt\u00f3.<\/span><\/p>\n<p><span class=\"text1noticias\"> <\/span><\/p>\n<p><span class=\"text1noticias\">El senador por el Partido de la Liberaci\u00f3n Dominicana (PLD),  dijo que debido a que en las \u00faltimas semanas, diferentes sectores han estado manifest\u00e1ndose respecto a los textos integrados dispuestos para el presente a\u00f1o escolar por educaci\u00f3n, se hace necesario escuchar a Paredes.<\/span><\/p>\n<p><span class=\"text1noticias\"> <\/span><\/p>\n<p><span class=\"text1noticias\">Dijo que estos libros integrados han originado posiciones encontradas, en relaci\u00f3n a la aplicaci\u00f3n o no de estos textos escolares, por lo que la ciudadan\u00eda tiene que estar edificada en todos sus t\u00e9rminos.<\/span><\/p>\n<p><span class=\"text1noticias\"> <\/span><\/p>\n<p><span class=\"text1noticias\">?Que por igual, diferentes instancias, tales como las iglesias, partidos pol\u00edticos, grupos comunitarios, empresariales, asociaciones gremiales y otras entidades, se han pronunciado respecto al reclamo de asignaci\u00f3n del cuatro por ciento al sector educativo?, indica uno de los considerando de la resoluci\u00f3n de Mateo V\u00e1squez.<\/span><\/p>\n<p><span class=\"text1noticias\"> <\/span><\/p>\n<p><span class=\"text1noticias\">El congresista defini\u00f3 que ambos casos son de altos inter\u00e9s para la Sociedad Dominicana , ?y por lo tanto el senador, como \u00f3rgano del Poder Legislativo, primer Poder del Estado, no debe soslayarse de la discusi\u00f3n de los mismos y de la b\u00fasqueda de alternativas ante los planteamientos contrapuestos?.<\/span><\/p>\n<h6> 2010-12-10 20:02:27 <\/h6>\n<p><!--\n<link rel=\"stylesheet\" href=\"css\/bootstrap.min.css\">\n\n\n<ul class=\"pagination\">\n\t    \n\t\n\n<li >\n\t<a href='?page_no=30301'>Previous<\/a>\n\t<\/li>\n\n\n       \n    \n\n<li><a href='?page_no=1'>1<\/a><\/li>\n\n\n\n<li><a href='?page_no=2'>2<\/a><\/li>\n\n\n\n<li><a>...<\/a><\/li>\n\n\n\n<li><a href='?page_no=30300'>30300<\/a><\/li>\n\n\n\n<li><a href='?page_no=30301'>30301<\/a><\/li>\n\n\n\n<li class='active'><a>30302<\/a><\/li>\n\n\n\n<li><a href='?page_no=30303'>30303<\/a><\/li>\n\n\n\n<li><a href='?page_no=30304'>30304<\/a><\/li>\n\n\n\n<li><a>...<\/a><\/li>\n\n\n\n<li><a href='?page_no=31963'>31963<\/a><\/li>\n\n\n\n<li><a href='?page_no=31964'>31964<\/a><\/li>\n\n    \n\t\n\n<li >\n\t<a href='?page_no=30303'>Next<\/a>\n\t<\/li>\n\n\n    \n\n<li><a href='?page_no=31964'>Last &rsaquo;&rsaquo;<\/a><\/li>\n\n<\/ul>\n\n\n--><br \/>\n<\/body><\/p>\n","protected":false},"excerpt":{"rendered":"<p>Santo Domingo, 10 Dic 2010.- El Ministro de Educaci\u00f3n, Melanio Paredes fue invitado a comparecer ante la Comisi\u00f3n de Educaci\u00f3n del Senado para escuchar sus planteamientos sobre la demanda del cuatro por ciento del Producto Interno Bruto al sector educativo. La informaci\u00f3n fue ofrecida por el licenciado Eddy Mateo V\u00e1squez, autor del proyecto de resoluci\u00f3n [&hellip;]<\/p>\n","protected":false},"author":3,"featured_media":0,"comment_status":"open","ping_status":"open","sticky":false,"template":"","format":"standard","meta":{"footnotes":""},"categories":[24],"tags":[],"class_list":["post-155134","post","type-post","status-publish","format-standard","hentry","category-justicia-y-derecho"],"_links":{"self":[{"href":"https:\/\/diariodominicano.com\/index.php?rest_route=\/wp\/v2\/posts\/155134","targetHints":{"allow":["GET"]}}],"collection":[{"href":"https:\/\/diariodominicano.com\/index.php?rest_route=\/wp\/v2\/posts"}],"about":[{"href":"https:\/\/diariodominicano.com\/index.php?rest_route=\/wp\/v2\/types\/post"}],"author":[{"embeddable":true,"href":"https:\/\/diariodominicano.com\/index.php?rest_route=\/wp\/v2\/users\/3"}],"replies":[{"embeddable":true,"href":"https:\/\/diariodominicano.com\/index.php?rest_route=%2Fwp%2Fv2%2Fcomments&post=155134"}],"version-history":[{"count":0,"href":"https:\/\/diariodominicano.com\/index.php?rest_route=\/wp\/v2\/posts\/155134\/revisions"}],"wp:attachment":[{"href":"https:\/\/diariodominicano.com\/index.php?rest_route=%2Fwp%2Fv2%2Fmedia&parent=155134"}],"wp:term":[{"taxonomy":"category","embeddable":true,"href":"https:\/\/diariodominicano.com\/index.php?rest_route=%2Fwp%2Fv2%2Fcategories&post=155134"},{"taxonomy":"post_tag","embeddable":true,"href":"https:\/\/diariodominicano.com\/index.php?rest_route=%2Fwp%2Fv2%2Ftags&post=155134"}],"curies":[{"name":"wp","href":"https:\/\/api.w.org\/{rel}","templated":true}]}}