{"id":155133,"date":"2010-12-10T20:15:55","date_gmt":"2010-12-10T20:15:55","guid":{"rendered":"http:\/\/diariodominicano.ddns.net\/?p=155133"},"modified":"2010-12-10T20:15:55","modified_gmt":"2010-12-10T20:15:55","slug":"senado-aprueba-presupuesto-con-modificaciones","status":"publish","type":"post","link":"https:\/\/diariodominicano.com\/?p=155133","title":{"rendered":"Senado aprueba Presupuesto, con modificaciones"},"content":{"rendered":"<p><body><\/p>\n<p><img decoding=\"async\" src=\"img3\/aprueban.jpg\" \/>  <\/p>\n<\/p>\n<p><span class=\"text1noticias\">Santo Domingo, 10 Dic 2010.-El Senado aprob\u00f3 hoy en dos lecturas consecutivas el Proyecto de Presupuesto y Ley de Gastos P\u00fablicos para el 2011, ascendente  RD$ 390 mil millones, con modificaciones  para consignar recursos para Tribunal Constitucional, Tribunal Superior de Elecciones y Defensor del Pueblo. <\/span><\/p>\n<\/p>\n<p><span class=\"text1noticias\">Ese adendum fue enviado por el presidente Leonel Fern\u00e1ndez.<\/span><\/p>\n<\/p>\n<p><span class=\"text1noticias\">Los senadores declararon de urgencia la pieza y la aprobaron  tal como se lo prometieron  al ministro de Hacienda, Vicente Bengoa y el director general de Presupuesto, Luis Hern\u00e1ndez en una reuni\u00f3n que sostuvieron para aclarar sobre las asignaciones de recursos para la construcci\u00f3n de la presa de Monte Grande.<\/span><\/p>\n<p><span class=\"text1noticias\">S\u00f3lo los senadores  de Peravia, Wilton Guerrero; de Espaillat, Jos\u00e9 Rafael Vargas, y de Monte Plata, Charlie Mariotti votaron en contra del proyecto.<\/span><\/p>\n<\/p>\n<h6> 2010-12-10 20:15:55 <\/h6>\n<p><!--\n<link rel=\"stylesheet\" href=\"css\/bootstrap.min.css\">\n\n\n<ul class=\"pagination\">\n\t    \n\t\n\n<li >\n\t<a href='?page_no=30300'>Previous<\/a>\n\t<\/li>\n\n\n       \n    \n\n<li><a href='?page_no=1'>1<\/a><\/li>\n\n\n\n<li><a href='?page_no=2'>2<\/a><\/li>\n\n\n\n<li><a>...<\/a><\/li>\n\n\n\n<li><a href='?page_no=30299'>30299<\/a><\/li>\n\n\n\n<li><a href='?page_no=30300'>30300<\/a><\/li>\n\n\n\n<li class='active'><a>30301<\/a><\/li>\n\n\n\n<li><a href='?page_no=30302'>30302<\/a><\/li>\n\n\n\n<li><a href='?page_no=30303'>30303<\/a><\/li>\n\n\n\n<li><a>...<\/a><\/li>\n\n\n\n<li><a href='?page_no=31963'>31963<\/a><\/li>\n\n\n\n<li><a href='?page_no=31964'>31964<\/a><\/li>\n\n    \n\t\n\n<li >\n\t<a href='?page_no=30302'>Next<\/a>\n\t<\/li>\n\n\n    \n\n<li><a href='?page_no=31964'>Last &rsaquo;&rsaquo;<\/a><\/li>\n\n<\/ul>\n\n\n--><br \/>\n<\/body><\/p>\n","protected":false},"excerpt":{"rendered":"<p>Santo Domingo, 10 Dic 2010.-El Senado aprob\u00f3 hoy en dos lecturas consecutivas el Proyecto de Presupuesto y Ley de Gastos P\u00fablicos para el 2011, ascendente RD$ 390 mil millones, con modificaciones para consignar recursos para Tribunal Constitucional, Tribunal Superior de Elecciones y Defensor del Pueblo. Ese adendum fue enviado por el presidente Leonel Fern\u00e1ndez. Los [&hellip;]<\/p>\n","protected":false},"author":3,"featured_media":0,"comment_status":"open","ping_status":"open","sticky":false,"template":"","format":"standard","meta":{"footnotes":""},"categories":[24],"tags":[],"class_list":["post-155133","post","type-post","status-publish","format-standard","hentry","category-justicia-y-derecho"],"_links":{"self":[{"href":"https:\/\/diariodominicano.com\/index.php?rest_route=\/wp\/v2\/posts\/155133","targetHints":{"allow":["GET"]}}],"collection":[{"href":"https:\/\/diariodominicano.com\/index.php?rest_route=\/wp\/v2\/posts"}],"about":[{"href":"https:\/\/diariodominicano.com\/index.php?rest_route=\/wp\/v2\/types\/post"}],"author":[{"embeddable":true,"href":"https:\/\/diariodominicano.com\/index.php?rest_route=\/wp\/v2\/users\/3"}],"replies":[{"embeddable":true,"href":"https:\/\/diariodominicano.com\/index.php?rest_route=%2Fwp%2Fv2%2Fcomments&post=155133"}],"version-history":[{"count":0,"href":"https:\/\/diariodominicano.com\/index.php?rest_route=\/wp\/v2\/posts\/155133\/revisions"}],"wp:attachment":[{"href":"https:\/\/diariodominicano.com\/index.php?rest_route=%2Fwp%2Fv2%2Fmedia&parent=155133"}],"wp:term":[{"taxonomy":"category","embeddable":true,"href":"https:\/\/diariodominicano.com\/index.php?rest_route=%2Fwp%2Fv2%2Fcategories&post=155133"},{"taxonomy":"post_tag","embeddable":true,"href":"https:\/\/diariodominicano.com\/index.php?rest_route=%2Fwp%2Fv2%2Ftags&post=155133"}],"curies":[{"name":"wp","href":"https:\/\/api.w.org\/{rel}","templated":true}]}}