{"id":155132,"date":"2010-12-10T20:31:46","date_gmt":"2010-12-10T20:31:46","guid":{"rendered":"http:\/\/diariodominicano.ddns.net\/?p=155132"},"modified":"2010-12-10T20:31:46","modified_gmt":"2010-12-10T20:31:46","slug":"se-deterioran-los-derechos-humanos-en-rd-dice-manuel-maria-mercedes","status":"publish","type":"post","link":"https:\/\/diariodominicano.com\/?p=155132","title":{"rendered":"Se deterioran los derechos humanos en RD, dice Manuel Mar\u00eda Mercedes"},"content":{"rendered":"<p><body><\/p>\n<p><img decoding=\"async\" src=\"http:\/\/localhost:8080\/justiciayderecho\/img3\/derecho11.jpg\" \/>  <\/p>\n<\/p>\n<p><span class=\"text1noticias\">Santo Domingo, 10 Dic 2010.-La Comisi\u00f3n Nacional de los Derechos Humanos afirm\u00f3 hoy que el pueblo dominicano vivi\u00f3 un deterioro constante y progresivo de los derechos fundamentales durante el 2010.<\/span><\/p>\n<\/p>\n<p><span class=\"text1noticias\">La Comisi\u00f3n hizo una evaluaci\u00f3n del tema al conmemorarse hoy el D\u00eda de la Declaraci\u00f3n Universal los Derechos Humanos, por lo  cual deposit\u00f3 una ofrenda floral en el monumento Fray Ant\u00f3n de Montesinos en el malec\u00f3n.<\/span><\/p>\n<\/p>\n<p><span class=\"text1noticias\">Manuel Mar\u00eda Mercedes presidente de esa entidad mencion\u00f3 como acciones violadoras de los derechos humanos en el pa\u00eds la corrupci\u00f3n, las alzas permanente de los alimentos y los servicios, la violencia promovida por los cuerpos del orden, el incremento del narcotr\u00e1fico, las muertes violentas, incumplimiento  de la Constituci\u00f3n y las leyes.<\/span><\/p>\n<\/p>\n<p><span class=\"text1noticias\">Tambi\u00e9n dijo que la no asignaci\u00f3n del 4% del Producto Interno Bruto para la educaci\u00f3n es una violaci\u00f3n a los derechos humanos.<\/span><\/p>\n<\/p>\n<p><span class=\"text1noticias\">La Comisi\u00f3n emiti\u00f3 un documento a prop\u00f3sito de la fecha en el que analiza la situaci\u00f3n del pa\u00eds en materia de derechos humanos.<\/span><\/p>\n<\/p>\n<p><span class=\"text1noticias\">?La Rep\u00fablica Dominicana ocupa un sitial privilegiado entre los pa\u00edses por la violaci\u00f3n de los derechos humanos? afirm\u00f3 Mercede<\/span>s.<\/p>\n<\/p>\n<h6> 2010-12-10 20:31:46 <\/h6>\n<p><!--\n<link rel=\"stylesheet\" href=\"css\/bootstrap.min.css\">\n\n\n<ul class=\"pagination\">\n\t    \n\t\n\n<li >\n\t<a href='?page_no=30299'>Previous<\/a>\n\t<\/li>\n\n\n       \n    \n\n<li><a href='?page_no=1'>1<\/a><\/li>\n\n\n\n<li><a href='?page_no=2'>2<\/a><\/li>\n\n\n\n<li><a>...<\/a><\/li>\n\n\n\n<li><a href='?page_no=30298'>30298<\/a><\/li>\n\n\n\n<li><a href='?page_no=30299'>30299<\/a><\/li>\n\n\n\n<li class='active'><a>30300<\/a><\/li>\n\n\n\n<li><a href='?page_no=30301'>30301<\/a><\/li>\n\n\n\n<li><a href='?page_no=30302'>30302<\/a><\/li>\n\n\n\n<li><a>...<\/a><\/li>\n\n\n\n<li><a href='?page_no=31963'>31963<\/a><\/li>\n\n\n\n<li><a href='?page_no=31964'>31964<\/a><\/li>\n\n    \n\t\n\n<li >\n\t<a href='?page_no=30301'>Next<\/a>\n\t<\/li>\n\n\n    \n\n<li><a href='?page_no=31964'>Last &rsaquo;&rsaquo;<\/a><\/li>\n\n<\/ul>\n\n\n--><br \/>\n<\/body><\/p>\n","protected":false},"excerpt":{"rendered":"<p>Santo Domingo, 10 Dic 2010.-La Comisi\u00f3n Nacional de los Derechos Humanos afirm\u00f3 hoy que el pueblo dominicano vivi\u00f3 un deterioro constante y progresivo de los derechos fundamentales durante el 2010. La Comisi\u00f3n hizo una evaluaci\u00f3n del tema al conmemorarse hoy el D\u00eda de la Declaraci\u00f3n Universal los Derechos Humanos, por lo cual deposit\u00f3 una ofrenda [&hellip;]<\/p>\n","protected":false},"author":3,"featured_media":0,"comment_status":"open","ping_status":"open","sticky":false,"template":"","format":"standard","meta":{"footnotes":""},"categories":[24],"tags":[],"class_list":["post-155132","post","type-post","status-publish","format-standard","hentry","category-justicia-y-derecho"],"_links":{"self":[{"href":"https:\/\/diariodominicano.com\/index.php?rest_route=\/wp\/v2\/posts\/155132","targetHints":{"allow":["GET"]}}],"collection":[{"href":"https:\/\/diariodominicano.com\/index.php?rest_route=\/wp\/v2\/posts"}],"about":[{"href":"https:\/\/diariodominicano.com\/index.php?rest_route=\/wp\/v2\/types\/post"}],"author":[{"embeddable":true,"href":"https:\/\/diariodominicano.com\/index.php?rest_route=\/wp\/v2\/users\/3"}],"replies":[{"embeddable":true,"href":"https:\/\/diariodominicano.com\/index.php?rest_route=%2Fwp%2Fv2%2Fcomments&post=155132"}],"version-history":[{"count":0,"href":"https:\/\/diariodominicano.com\/index.php?rest_route=\/wp\/v2\/posts\/155132\/revisions"}],"wp:attachment":[{"href":"https:\/\/diariodominicano.com\/index.php?rest_route=%2Fwp%2Fv2%2Fmedia&parent=155132"}],"wp:term":[{"taxonomy":"category","embeddable":true,"href":"https:\/\/diariodominicano.com\/index.php?rest_route=%2Fwp%2Fv2%2Fcategories&post=155132"},{"taxonomy":"post_tag","embeddable":true,"href":"https:\/\/diariodominicano.com\/index.php?rest_route=%2Fwp%2Fv2%2Ftags&post=155132"}],"curies":[{"name":"wp","href":"https:\/\/api.w.org\/{rel}","templated":true}]}}