{"id":155131,"date":"2010-12-10T21:12:26","date_gmt":"2010-12-10T21:12:26","guid":{"rendered":"http:\/\/diariodominicano.ddns.net\/?p=155131"},"modified":"2010-12-10T21:12:26","modified_gmt":"2010-12-10T21:12:26","slug":"mario-vargas-llosa-recibe-premio-nobel-de-literatura","status":"publish","type":"post","link":"https:\/\/diariodominicano.com\/?p=155131","title":{"rendered":"Mario Vargas Llosa  recibe Premio Nobel de Literatura"},"content":{"rendered":"<p><body><\/p>\n<p><img decoding=\"async\" src=\"http:\/\/localhost:8080\/justiciayderecho\/img3\/llosa nobel.jpg\" \/><br \/><img decoding=\"async\" src=\"http:\/\/localhost:8080\/justiciayderecho\/img3\/llosa nobel.jpg\" \/>  <\/p>\n<p><span class=\"text1noticias\">Estocolmo, 10 Dic 2010.-  Mario Vargas Llosa recibi\u00f3 el viernes el premio Nobel de Literatura de manos del rey Carlos XVI Gustavo de Suecia, en una ceremonia en Estocolmo.<\/span><\/p>\n<\/p>\n<p><span class=\"text1noticias\">El escritor peruano, quien el pasado martes pronunci\u00f3 su discurso de aceptaci\u00f3n, fue definido el viernes por la Academia Sueca como un \u00abciudadano de mundo, un poeta y un historiador\u00bb.<\/span><\/p>\n<\/p>\n<p><span class=\"text1noticias\">En su discurso del martes, titulado \u00abElogio de la lectura y la ficci\u00f3n\u00bb, Vargas Llosa subray\u00f3 el papel de la lectura y los libros en su vida, desde que aprendi\u00f3 a leer con cinco a\u00f1os en Bolivia. \u00abEs la cosa m\u00e1s importante que me ha pasado en la vida\u00bb, expres\u00f3 el autor de \u00abConversaci\u00f3n en la catedral\u00bb y \u00abLa casa verde\u00bb.<\/span><\/p>\n<\/p>\n<p><span class=\"text1noticias\">Asimismo, elogi\u00f3 a Latinoam\u00e9rica por haberse vuelto m\u00e1s democr\u00e1tica pero critic\u00f3 a Venezuela y a Cuba y llam\u00f3 \u00abpayasos\u00bb a los gobiernos de Bolivia y Nicaragua.<\/span><\/p>\n<\/p>\n<p><span class=\"text1noticias\">\u00abPor primera vez en nuestra historia, tenemos una izquierda y una derecha que, como en Brasil, Chile, Uruguay, Per\u00fa, Colombia, Rep\u00fablica Dominicana, M\u00e9xico y casi todo Centroam\u00e9rica, respetan la legalidad, la libertad de cr\u00edtica, las elecciones y la renovaci\u00f3n en el poder\u00bb, manifest\u00f3.<\/span><\/p>\n<\/p>\n<p><span class=\"text1noticias\">\u00abPadecemos menos dictaduras que anta\u00f1o, s\u00f3lo Cuba y su candidata a secundarla, Venezuela, y algunas seudodemocracias populistas y payasas, como las de Bolivia y Nicaragua\u00bb, a\u00f1adi\u00f3.<\/span><\/p>\n<\/p>\n<p><span class=\"text1noticias\">El novelista de 74 a\u00f1os es el primer ganador latinoamericano del Nobel de literatura desde que lo obtuvieran en 1982 el colombiano Gabriel Garc\u00eda M\u00e1rquez y el mexicano Octavio Paz en 1990. Actualmente el premio est\u00e1 dotado con 1,5 millones de d\u00f3lares.<\/span><\/p>\n<\/p>\n<h6> 2010-12-10 21:12:26 <\/h6>\n<p><!--\n<link rel=\"stylesheet\" href=\"css\/bootstrap.min.css\">\n\n\n<ul class=\"pagination\">\n\t    \n\t\n\n<li >\n\t<a href='?page_no=30298'>Previous<\/a>\n\t<\/li>\n\n\n       \n    \n\n<li><a href='?page_no=1'>1<\/a><\/li>\n\n\n\n<li><a href='?page_no=2'>2<\/a><\/li>\n\n\n\n<li><a>...<\/a><\/li>\n\n\n\n<li><a href='?page_no=30297'>30297<\/a><\/li>\n\n\n\n<li><a href='?page_no=30298'>30298<\/a><\/li>\n\n\n\n<li class='active'><a>30299<\/a><\/li>\n\n\n\n<li><a href='?page_no=30300'>30300<\/a><\/li>\n\n\n\n<li><a href='?page_no=30301'>30301<\/a><\/li>\n\n\n\n<li><a>...<\/a><\/li>\n\n\n\n<li><a href='?page_no=31963'>31963<\/a><\/li>\n\n\n\n<li><a href='?page_no=31964'>31964<\/a><\/li>\n\n    \n\t\n\n<li >\n\t<a href='?page_no=30300'>Next<\/a>\n\t<\/li>\n\n\n    \n\n<li><a href='?page_no=31964'>Last &rsaquo;&rsaquo;<\/a><\/li>\n\n<\/ul>\n\n\n--><br \/>\n<\/body><\/p>\n","protected":false},"excerpt":{"rendered":"<p>Estocolmo, 10 Dic 2010.- Mario Vargas Llosa recibi\u00f3 el viernes el premio Nobel de Literatura de manos del rey Carlos XVI Gustavo de Suecia, en una ceremonia en Estocolmo. El escritor peruano, quien el pasado martes pronunci\u00f3 su discurso de aceptaci\u00f3n, fue definido el viernes por la Academia Sueca como un \u00abciudadano de mundo, un [&hellip;]<\/p>\n","protected":false},"author":3,"featured_media":0,"comment_status":"open","ping_status":"open","sticky":false,"template":"","format":"standard","meta":{"footnotes":""},"categories":[24],"tags":[],"class_list":["post-155131","post","type-post","status-publish","format-standard","hentry","category-justicia-y-derecho"],"_links":{"self":[{"href":"https:\/\/diariodominicano.com\/index.php?rest_route=\/wp\/v2\/posts\/155131","targetHints":{"allow":["GET"]}}],"collection":[{"href":"https:\/\/diariodominicano.com\/index.php?rest_route=\/wp\/v2\/posts"}],"about":[{"href":"https:\/\/diariodominicano.com\/index.php?rest_route=\/wp\/v2\/types\/post"}],"author":[{"embeddable":true,"href":"https:\/\/diariodominicano.com\/index.php?rest_route=\/wp\/v2\/users\/3"}],"replies":[{"embeddable":true,"href":"https:\/\/diariodominicano.com\/index.php?rest_route=%2Fwp%2Fv2%2Fcomments&post=155131"}],"version-history":[{"count":0,"href":"https:\/\/diariodominicano.com\/index.php?rest_route=\/wp\/v2\/posts\/155131\/revisions"}],"wp:attachment":[{"href":"https:\/\/diariodominicano.com\/index.php?rest_route=%2Fwp%2Fv2%2Fmedia&parent=155131"}],"wp:term":[{"taxonomy":"category","embeddable":true,"href":"https:\/\/diariodominicano.com\/index.php?rest_route=%2Fwp%2Fv2%2Fcategories&post=155131"},{"taxonomy":"post_tag","embeddable":true,"href":"https:\/\/diariodominicano.com\/index.php?rest_route=%2Fwp%2Fv2%2Ftags&post=155131"}],"curies":[{"name":"wp","href":"https:\/\/api.w.org\/{rel}","templated":true}]}}