{"id":155130,"date":"2010-12-10T21:21:45","date_gmt":"2010-12-10T21:21:45","guid":{"rendered":"http:\/\/diariodominicano.ddns.net\/?p=155130"},"modified":"2010-12-10T21:21:45","modified_gmt":"2010-12-10T21:21:45","slug":"camara-diputados-aprueba-dos-convenios-de-prestamos-por-us120-millones","status":"publish","type":"post","link":"https:\/\/diariodominicano.com\/?p=155130","title":{"rendered":"&#13;C\u00e1mara Diputados  aprueba dos convenios de pr\u00e9stamos por US$120 millones"},"content":{"rendered":"<p><body><\/p>\n<p><img decoding=\"async\" src=\"http:\/\/localhost:8080\/justiciayderecho\/img3\/cama de diputados.jpg\" \/>  <\/p>\n<\/p>\n<p><span class=\"text1noticias\">Santo Domingo, 10 Dic 2010.-La C\u00e1mara de Diputados aprob\u00f3 este viernes dos convenios de pr\u00e9stamos por un monto de 120 millones de d\u00f3lares, que usado por el gobierno para la segunda fase del programa de apoyo a la pol\u00edtica de competitividad.<\/span><\/p>\n<\/p>\n<p><span class=\"text1noticias\">Las iniciativas, una de 110 millones d\u00f3lares y otra de 10 millones, fue rubricado por el Gobierno con el Banco Interamericano de Desarrollo (BID). <\/span><\/p>\n<\/p>\n<p><span class=\"text1noticias\"> Los pr\u00e9stamos, sometidos por el Poder Ejecutivo y que ejecutar\u00e1 la Oficina Ejecutiva del Consejo Nacional de Competitividad, no contaron con el voto de los congresistas del Partido Revolucionario Dominicano (PRD), quienes arremetieron contra el gobierno a quien acusan de hipotecar el futuro del pa\u00eds.<\/span><\/p>\n<\/p>\n<p><span class=\"text1noticias\">Para los dos pr\u00e9stamos,  la Comisi\u00f3n de Hacienda de la C\u00e1mara Baja, rindi\u00f3 un informe favorable, por considerar que los recursos ser\u00e1n de mucha importancia para mejorar la competitividad del sector industrial del pa\u00eds. <\/span><\/p>\n<\/p>\n<p><span class=\"text1noticias\">Marino Collante argument\u00f3 que la inserci\u00f3n de la Rep\u00fablica Dominicana en diferentes esquemas y escenarios econ\u00f3micos internacionales obliga a mejorar constantemente su aparato productivo.<\/span><\/p>\n<p><span class=\"text1noticias\"> <\/span><\/p>\n<p><span class=\"text1noticias\">El vocero del PRD, Nelson Arroyo, dijo que de seguir lo que sostuvo es una alocada carrera de endeudamiento, el pa\u00eds podr\u00eda caer en un abismo de impredecibles consecuencias para la presente y futuras generaciones. <\/span><\/p>\n<\/p>\n<p><span class=\"text1noticias\">Los diputados tambi\u00e9n aprobaron de urgencia, y en dos lecturas consecutivas el proyecto que establece la entrega anual del Bono escolar, por parte del Estado a todos sus empleados pensionados y jubilados.<\/span><\/p>\n<\/p>\n<p><span class=\"text1noticias\">La iniciativa fue sometida por el diputado reformista por La Vega, Ram\u00f3n Rogelio Genao.<\/span><\/p>\n<\/p>\n<p><span class=\"text1noticias\">Adem\u00e1s fue acogida de urgencia el proyecto que eleva a la categor\u00eda de distrito municipal la secci\u00f3n de Zambrana Abajo, del municipio de Cotu\u00ed, que proven\u00eda del Senado, y que es de la autor\u00eda del senador de S\u00e1nchez Ram\u00edrez, F\u00e9lix V\u00e1squez.<\/span><\/p>\n<\/p>\n<p><span class=\"text1noticias\">El presidente de la C\u00e1mara de Diputados convoc\u00f3 a los legisladores para el martes 14.<\/span><\/p>\n<\/p>\n<h6> 2010-12-10 21:21:45 <\/h6>\n<p><!--\n<link rel=\"stylesheet\" href=\"css\/bootstrap.min.css\">\n\n\n<ul class=\"pagination\">\n\t    \n\t\n\n<li >\n\t<a href='?page_no=30297'>Previous<\/a>\n\t<\/li>\n\n\n       \n    \n\n<li><a href='?page_no=1'>1<\/a><\/li>\n\n\n\n<li><a href='?page_no=2'>2<\/a><\/li>\n\n\n\n<li><a>...<\/a><\/li>\n\n\n\n<li><a href='?page_no=30296'>30296<\/a><\/li>\n\n\n\n<li><a href='?page_no=30297'>30297<\/a><\/li>\n\n\n\n<li class='active'><a>30298<\/a><\/li>\n\n\n\n<li><a href='?page_no=30299'>30299<\/a><\/li>\n\n\n\n<li><a href='?page_no=30300'>30300<\/a><\/li>\n\n\n\n<li><a>...<\/a><\/li>\n\n\n\n<li><a href='?page_no=31963'>31963<\/a><\/li>\n\n\n\n<li><a href='?page_no=31964'>31964<\/a><\/li>\n\n    \n\t\n\n<li >\n\t<a href='?page_no=30299'>Next<\/a>\n\t<\/li>\n\n\n    \n\n<li><a href='?page_no=31964'>Last &rsaquo;&rsaquo;<\/a><\/li>\n\n<\/ul>\n\n\n--><br \/>\n<\/body><\/p>\n","protected":false},"excerpt":{"rendered":"<p>Santo Domingo, 10 Dic 2010.-La C\u00e1mara de Diputados aprob\u00f3 este viernes dos convenios de pr\u00e9stamos por un monto de 120 millones de d\u00f3lares, que usado por el gobierno para la segunda fase del programa de apoyo a la pol\u00edtica de competitividad. Las iniciativas, una de 110 millones d\u00f3lares y otra de 10 millones, fue rubricado [&hellip;]<\/p>\n","protected":false},"author":3,"featured_media":0,"comment_status":"open","ping_status":"open","sticky":false,"template":"","format":"standard","meta":{"footnotes":""},"categories":[24],"tags":[],"class_list":["post-155130","post","type-post","status-publish","format-standard","hentry","category-justicia-y-derecho"],"_links":{"self":[{"href":"https:\/\/diariodominicano.com\/index.php?rest_route=\/wp\/v2\/posts\/155130","targetHints":{"allow":["GET"]}}],"collection":[{"href":"https:\/\/diariodominicano.com\/index.php?rest_route=\/wp\/v2\/posts"}],"about":[{"href":"https:\/\/diariodominicano.com\/index.php?rest_route=\/wp\/v2\/types\/post"}],"author":[{"embeddable":true,"href":"https:\/\/diariodominicano.com\/index.php?rest_route=\/wp\/v2\/users\/3"}],"replies":[{"embeddable":true,"href":"https:\/\/diariodominicano.com\/index.php?rest_route=%2Fwp%2Fv2%2Fcomments&post=155130"}],"version-history":[{"count":0,"href":"https:\/\/diariodominicano.com\/index.php?rest_route=\/wp\/v2\/posts\/155130\/revisions"}],"wp:attachment":[{"href":"https:\/\/diariodominicano.com\/index.php?rest_route=%2Fwp%2Fv2%2Fmedia&parent=155130"}],"wp:term":[{"taxonomy":"category","embeddable":true,"href":"https:\/\/diariodominicano.com\/index.php?rest_route=%2Fwp%2Fv2%2Fcategories&post=155130"},{"taxonomy":"post_tag","embeddable":true,"href":"https:\/\/diariodominicano.com\/index.php?rest_route=%2Fwp%2Fv2%2Ftags&post=155130"}],"curies":[{"name":"wp","href":"https:\/\/api.w.org\/{rel}","templated":true}]}}