{"id":155128,"date":"2010-12-10T21:54:10","date_gmt":"2010-12-10T21:54:10","guid":{"rendered":"http:\/\/diariodominicano.ddns.net\/?p=155128"},"modified":"2010-12-10T21:54:10","modified_gmt":"2010-12-10T21:54:10","slug":"hombre-muerto-en-campo-lindo-santo-domingo-este-habia-sido-sometido-en-siete-ocasiones-por-diferentes-delitos-era-buscado-por-asesinato-y-violacion-de-raso-fad","status":"publish","type":"post","link":"https:\/\/diariodominicano.com\/?p=155128","title":{"rendered":"Hombre muerto en Campo Lindo, Santo Domingo Este, Hab\u00eda sido sometido en siete ocasiones por diferentes delitos. era buscado por asesinato y violaci\u00f3n de raso FAD."},"content":{"rendered":"<p><body><\/p>\n<p><span class=\"text1noticias\">Santo Domingo 10 Dic. 2010.-La Polic\u00eda inform\u00f3 que uno de los dos hombres muerto la ma\u00f1ana de hoy en medio de un tiroteo con agentes de esa instituci\u00f3n en el sector Campo Lindo, de La Caleta, Santo Domingo Este, era buscado con relaci\u00f3n al asesinato de el estudiante universitario y raso de la aviaci\u00f3n, Darlin Mar\u00eda Betances, de 28 a\u00f1os, y otros hechos delictivos.<\/span><\/p>\n<\/p>\n<p><span class=\"text1noticias\">La instituci\u00f3n del orden dijo que  Franklin Antonio Guzm\u00e1n S\u00e1nchez (Blanco 30 y\/o Boby, Correcamino, Moreno), de 30 a\u00f1os, quien figura con siete fichas por diferentes delitos, muri\u00f3 mientras recib\u00eda atenciones en el Hospital Dar\u00edo Contreras. En su poder se ocup\u00f3 un revolver calibre 38 de numeraci\u00f3n y marca ilegible con tres capsulas.<\/span><\/p>\n<\/p>\n<p><span class=\"text1noticias\">La Polic\u00eda inform\u00f3, adem\u00e1s, que \u00abBlanco 30\u00bb al momento de enfrentar a los agentes del orden estaba en compa\u00f1\u00eda del nombrado  Kelvin Mota D\u00edaz (Rob\u00edn), quien logr\u00f3 escapar de la escena, portando un arma de fuego, por lo que es buscado de manera activa.<\/span><\/p>\n<\/p>\n<p><span class=\"text1noticias\">El informe preliminar del caso refiere que el hoy occiso y su acompa\u00f1ante (pr\u00f3fugo) fueron sorprendidos cuando caminaban por una de las calles del referido sector, pero resistieron ser apresado y dispararon a los agentes actuantes, quienes se vieron en la obligaci\u00f3n de repeler la agresi\u00f3n.<\/span><\/p>\n<\/p>\n<p><span class=\"text1noticias\">La Polic\u00eda dijo que en esa circunstancia, los agentes policiales actuantes lograron herir a Blanco 30, quien posteriormente muri\u00f3.<\/span><\/p>\n<\/p>\n<p><span class=\"text1noticias\">La instituci\u00f3n del orden precis\u00f3 que el arma  el arma de fuego ocupada  se encuentra en nuestro poder de la Polic\u00eda Cient\u00edfica para fines de experticia.<\/span><\/p>\n<\/p>\n<p><span class=\"text1noticias\">El cad\u00e1ver de  la raso fue encontrado frente al Cementerio La Playita, en La Caleta, con signos de violaci\u00f3n.<\/span><\/p>\n<h6> 2010-12-10 21:54:10 <\/h6>\n<p><!--\n<link rel=\"stylesheet\" href=\"css\/bootstrap.min.css\">\n\n\n<ul class=\"pagination\">\n\t    \n\t\n\n<li >\n\t<a href='?page_no=30295'>Previous<\/a>\n\t<\/li>\n\n\n       \n    \n\n<li><a href='?page_no=1'>1<\/a><\/li>\n\n\n\n<li><a href='?page_no=2'>2<\/a><\/li>\n\n\n\n<li><a>...<\/a><\/li>\n\n\n\n<li><a href='?page_no=30294'>30294<\/a><\/li>\n\n\n\n<li><a href='?page_no=30295'>30295<\/a><\/li>\n\n\n\n<li class='active'><a>30296<\/a><\/li>\n\n\n\n<li><a href='?page_no=30297'>30297<\/a><\/li>\n\n\n\n<li><a href='?page_no=30298'>30298<\/a><\/li>\n\n\n\n<li><a>...<\/a><\/li>\n\n\n\n<li><a href='?page_no=31963'>31963<\/a><\/li>\n\n\n\n<li><a href='?page_no=31964'>31964<\/a><\/li>\n\n    \n\t\n\n<li >\n\t<a href='?page_no=30297'>Next<\/a>\n\t<\/li>\n\n\n    \n\n<li><a href='?page_no=31964'>Last &rsaquo;&rsaquo;<\/a><\/li>\n\n<\/ul>\n\n\n--><br \/>\n<\/body><\/p>\n","protected":false},"excerpt":{"rendered":"<p>Santo Domingo 10 Dic. 2010.-La Polic\u00eda inform\u00f3 que uno de los dos hombres muerto la ma\u00f1ana de hoy en medio de un tiroteo con agentes de esa instituci\u00f3n en el sector Campo Lindo, de La Caleta, Santo Domingo Este, era buscado con relaci\u00f3n al asesinato de el estudiante universitario y raso de la aviaci\u00f3n, Darlin [&hellip;]<\/p>\n","protected":false},"author":3,"featured_media":0,"comment_status":"open","ping_status":"open","sticky":false,"template":"","format":"standard","meta":{"footnotes":""},"categories":[24],"tags":[],"class_list":["post-155128","post","type-post","status-publish","format-standard","hentry","category-justicia-y-derecho"],"_links":{"self":[{"href":"https:\/\/diariodominicano.com\/index.php?rest_route=\/wp\/v2\/posts\/155128","targetHints":{"allow":["GET"]}}],"collection":[{"href":"https:\/\/diariodominicano.com\/index.php?rest_route=\/wp\/v2\/posts"}],"about":[{"href":"https:\/\/diariodominicano.com\/index.php?rest_route=\/wp\/v2\/types\/post"}],"author":[{"embeddable":true,"href":"https:\/\/diariodominicano.com\/index.php?rest_route=\/wp\/v2\/users\/3"}],"replies":[{"embeddable":true,"href":"https:\/\/diariodominicano.com\/index.php?rest_route=%2Fwp%2Fv2%2Fcomments&post=155128"}],"version-history":[{"count":0,"href":"https:\/\/diariodominicano.com\/index.php?rest_route=\/wp\/v2\/posts\/155128\/revisions"}],"wp:attachment":[{"href":"https:\/\/diariodominicano.com\/index.php?rest_route=%2Fwp%2Fv2%2Fmedia&parent=155128"}],"wp:term":[{"taxonomy":"category","embeddable":true,"href":"https:\/\/diariodominicano.com\/index.php?rest_route=%2Fwp%2Fv2%2Fcategories&post=155128"},{"taxonomy":"post_tag","embeddable":true,"href":"https:\/\/diariodominicano.com\/index.php?rest_route=%2Fwp%2Fv2%2Ftags&post=155128"}],"curies":[{"name":"wp","href":"https:\/\/api.w.org\/{rel}","templated":true}]}}