{"id":155125,"date":"2010-12-11T15:38:07","date_gmt":"2010-12-11T15:38:07","guid":{"rendered":"http:\/\/diariodominicano.ddns.net\/?p=155125"},"modified":"2010-12-11T15:38:07","modified_gmt":"2010-12-11T15:38:07","slug":"deportan-a-eeuu-norteamericano-se-fugo-de-una-carcel-en-la-florida","status":"publish","type":"post","link":"https:\/\/diariodominicano.com\/?p=155125","title":{"rendered":"Deportan a EEUU norteamericano se fug\u00f3 de una C\u00e1rcel en la Florida"},"content":{"rendered":"<p><body><\/p>\n<p><img decoding=\"async\" src=\"http:\/\/localhost:8080\/justiciayderecho\/img3\/TOMAS MONTE.jpg\" \/>  <\/p>\n<p><span class=\"text1noticias\">Santo Domingo 11 Dic 2010,- Las autoridades dominicanas deportaron hacia los Estados Unidos a un norteamericano que se encontraba pr\u00f3fugo de la justicia de su pa\u00eds, y que fue capturado recientemente por la Direcci\u00f3n Nacional de Control de Drogas (DNCD), luego que este se fugara de una c\u00e1rcel federal en La Florida, donde estaba preso por narcotr\u00e1fico, inform\u00f3 la agencia antinarc\u00f3ticos.<\/span><\/p>\n<\/p>\n<p><span class=\"text1noticias\"> El coronel Ram\u00f3n Alcides Rodr\u00edguez Veras, vocero de DNCD, dijo que el norteamericano deportado a su pa\u00eds es Tom\u00e1s Monte y\/o Jos\u00e9 Bienvenido Col\u00f3n Liriano, de 44 a\u00f1os, quien estaba siendo buscado por las autoridades norteamericanas por escapar de la custodia en el Campamento Penitenciario Federal \u00abEl Terrero Saufley\u00bb, ubicado en la ciudad de Pensacola, en el Estado de La Florida, c\u00e1rcel donde se encontraba cumpliendo condena por la comisi\u00f3n de delitos graves de conspiraci\u00f3n para importar y distribuir al menos cinco kilos de coca\u00edna en territorio norteamericano.<\/span><\/p>\n<\/p>\n<p><span class=\"text1noticias\"> Rodr\u00edguez Veras se\u00f1al\u00f3 que Col\u00f3n Liriano se fug\u00f3 de dicha c\u00e1rcel en una fecha no indicada y se refugi\u00f3 en la Rep\u00fablica Dominicana tratando de evadir la persecuci\u00f3n de la justicia norteamericana, pero el mismo fue capturado en la ciudad de San Pedro de Macor\u00eds el pasado 1ro. de diciembre por miembros del Departamento de Investigaciones Especiales de la DNCD en un operativo coordinado con la Direcci\u00f3n General de Migraci\u00f3n. Al momento de su apresamiento el imputado transitaba por la calle Mella a bordo del carro Toyota Corolla color gris, placa exonerada X00130.<\/span><\/p>\n<\/p>\n<p><span class=\"text1noticias\">El vocero de la DNCD a\u00f1adi\u00f3 que hasta el momento de su deportaci\u00f3n el imputado guardaba prisi\u00f3n en una c\u00e1rcel preventiva de la DNCD, desde donde fue trasladado bajo custodia de agentes antidrogas y oficiales de Migraci\u00f3n hasta el Aeropuerto Internacional de las Am\u00e9ricas y all\u00ed fue entregado a varios agentes de la US Marchall, quienes abordaron el vuelo n\u00famero 680 de la aerol\u00ednea American Airlines, con destino a la ciudad de Miami, Florida, EEUU.<\/span><\/p>\n<h6> 2010-12-11 15:38:07 <\/h6>\n<p><!--\n<link rel=\"stylesheet\" href=\"css\/bootstrap.min.css\">\n\n\n<ul class=\"pagination\">\n\t    \n\t\n\n<li >\n\t<a href='?page_no=30292'>Previous<\/a>\n\t<\/li>\n\n\n       \n    \n\n<li><a href='?page_no=1'>1<\/a><\/li>\n\n\n\n<li><a href='?page_no=2'>2<\/a><\/li>\n\n\n\n<li><a>...<\/a><\/li>\n\n\n\n<li><a href='?page_no=30291'>30291<\/a><\/li>\n\n\n\n<li><a href='?page_no=30292'>30292<\/a><\/li>\n\n\n\n<li class='active'><a>30293<\/a><\/li>\n\n\n\n<li><a href='?page_no=30294'>30294<\/a><\/li>\n\n\n\n<li><a href='?page_no=30295'>30295<\/a><\/li>\n\n\n\n<li><a>...<\/a><\/li>\n\n\n\n<li><a href='?page_no=31963'>31963<\/a><\/li>\n\n\n\n<li><a href='?page_no=31964'>31964<\/a><\/li>\n\n    \n\t\n\n<li >\n\t<a href='?page_no=30294'>Next<\/a>\n\t<\/li>\n\n\n    \n\n<li><a href='?page_no=31964'>Last &rsaquo;&rsaquo;<\/a><\/li>\n\n<\/ul>\n\n\n--><br \/>\n<\/body><\/p>\n","protected":false},"excerpt":{"rendered":"<p>Santo Domingo 11 Dic 2010,- Las autoridades dominicanas deportaron hacia los Estados Unidos a un norteamericano que se encontraba pr\u00f3fugo de la justicia de su pa\u00eds, y que fue capturado recientemente por la Direcci\u00f3n Nacional de Control de Drogas (DNCD), luego que este se fugara de una c\u00e1rcel federal en La Florida, donde estaba preso [&hellip;]<\/p>\n","protected":false},"author":3,"featured_media":0,"comment_status":"open","ping_status":"open","sticky":false,"template":"","format":"standard","meta":{"footnotes":""},"categories":[24],"tags":[],"class_list":["post-155125","post","type-post","status-publish","format-standard","hentry","category-justicia-y-derecho"],"_links":{"self":[{"href":"https:\/\/diariodominicano.com\/index.php?rest_route=\/wp\/v2\/posts\/155125","targetHints":{"allow":["GET"]}}],"collection":[{"href":"https:\/\/diariodominicano.com\/index.php?rest_route=\/wp\/v2\/posts"}],"about":[{"href":"https:\/\/diariodominicano.com\/index.php?rest_route=\/wp\/v2\/types\/post"}],"author":[{"embeddable":true,"href":"https:\/\/diariodominicano.com\/index.php?rest_route=\/wp\/v2\/users\/3"}],"replies":[{"embeddable":true,"href":"https:\/\/diariodominicano.com\/index.php?rest_route=%2Fwp%2Fv2%2Fcomments&post=155125"}],"version-history":[{"count":0,"href":"https:\/\/diariodominicano.com\/index.php?rest_route=\/wp\/v2\/posts\/155125\/revisions"}],"wp:attachment":[{"href":"https:\/\/diariodominicano.com\/index.php?rest_route=%2Fwp%2Fv2%2Fmedia&parent=155125"}],"wp:term":[{"taxonomy":"category","embeddable":true,"href":"https:\/\/diariodominicano.com\/index.php?rest_route=%2Fwp%2Fv2%2Fcategories&post=155125"},{"taxonomy":"post_tag","embeddable":true,"href":"https:\/\/diariodominicano.com\/index.php?rest_route=%2Fwp%2Fv2%2Ftags&post=155125"}],"curies":[{"name":"wp","href":"https:\/\/api.w.org\/{rel}","templated":true}]}}