{"id":155123,"date":"2010-12-13T15:01:20","date_gmt":"2010-12-13T15:01:20","guid":{"rendered":"http:\/\/diariodominicano.ddns.net\/?p=155123"},"modified":"2010-12-13T15:01:20","modified_gmt":"2010-12-13T15:01:20","slug":"vicepresidente-alburquerque-dice-cumbre-cancun-devuelve-esperanza-a-la-humanidad","status":"publish","type":"post","link":"https:\/\/diariodominicano.com\/?p=155123","title":{"rendered":"Vicepresidente Alburquerque dice: Cumbre Canc\u00fan devuelve esperanza a la humanidad"},"content":{"rendered":"<p><body><\/p>\n<p><img decoding=\"async\" src=\"http:\/\/localhost:8080\/justiciayderecho\/img3\/VICE en Mexico 1312.JPG\" \/>  <\/p>\n<p><span class=\"text1noticias\">CANCUN, MEXICO, 13 dic 2010.- Los acuerdos firmados en Canc\u00fan representan la esperanza de la humanidad y el compromiso del liderazgo internacional de continuar realizando esfuerzos para hacer del planeta un lugar mejor habitable, dijo el vicepresidente dominicano Rafael Alburquerque, luego de agotadoras jornadas de trabajo que permitieron a representantes de 194 pa\u00edses presentes aqu\u00ed, la firma del \u00abAcuerdo de Canc\u00fan sobre el Cambio Clim\u00e1tico\u00bb.<\/span><\/p>\n<\/p>\n<p><span class=\"text1noticias\">En la madrugada del s\u00e1bado 194 pa\u00edses acordaron por mayor\u00eda un acuerdo para la reducci\u00f3n de los gases con efectos de invernaderos entre un 25 y un 40 por ciento por debajo de los niveles del a\u00f1o 1990, el mantenimiento del Acuerdo de Kioto hasta el a\u00f1o 2012 y la creaci\u00f3n de un Fondo Verde de 100 mil millones de d\u00f3lares, para mitigar los efectos del cambio clim\u00e1tico en los pa\u00edses de peque\u00f1as econom\u00edas.<\/span><\/p>\n<\/p>\n<p><span class=\"text1noticias\">El vicepresidente Alburquerque dijo que aunque los acuerdos firmados no llenaron las expectativas  de todos los pa\u00edses presentes, el mismo representa una esperanza y un avance hacia la concreci\u00f3n de un gran acuerdo de todos los pa\u00edses, que permita la reducci\u00f3n de las emisiones de gases con efectos invernaderos, principal causa del calentamiento global.<\/span><\/p>\n<\/p>\n<p><span class=\"text1noticias\">\u00abTenemos que avanzar con pasos concretos hacia Sud\u00e1frica, con el firme prop\u00f3sito de asumir un compromiso global que nos permita la reducci\u00f3n de la temperatura del planeta, porque el planeta est\u00e1 enfermo,  su temperatura se encuentra en estos momentos por encima de los 40 grados y el compromiso de todos es reducirla, para de esta forma garantizarle un planeta seguro a las futuras generaciones\u00bb, indic\u00f3.<\/span><\/p>\n<\/p>\n<p><span class=\"text1noticias\">El vicepresidente destac\u00f3 el trabajo desarrollado por la delegaci\u00f3n dominicana y su equipo t\u00e9cnico  durante todos los debates que se desarrollaron en el marco de la XVl Cumbre sobre el Cambio Clim\u00e1tico que se desarroll\u00f3 en esta ciudad.<\/span><\/p>\n<\/p>\n<p><span class=\"text1noticias\">El doctor Alburquerque viaja acompa\u00f1ado de su esposa Do\u00f1a Martha Montes de Oca de Alburquerque, el jefe de su Escolta Militar, general de brigada Polic\u00eda Nacional, Ram\u00f3n Alc\u00e1ntara, sus asistentes personales y de prensa, Ram\u00f3n Ram\u00edrez y Felipe Romero, respectivamente<\/span>.<\/p>\n<\/p>\n<h6> 2010-12-13 15:01:20 <\/h6>\n<p><!--\n<link rel=\"stylesheet\" href=\"css\/bootstrap.min.css\">\n\n\n<ul class=\"pagination\">\n\t    \n\t\n\n<li >\n\t<a href='?page_no=30290'>Previous<\/a>\n\t<\/li>\n\n\n       \n    \n\n<li><a href='?page_no=1'>1<\/a><\/li>\n\n\n\n<li><a href='?page_no=2'>2<\/a><\/li>\n\n\n\n<li><a>...<\/a><\/li>\n\n\n\n<li><a href='?page_no=30289'>30289<\/a><\/li>\n\n\n\n<li><a href='?page_no=30290'>30290<\/a><\/li>\n\n\n\n<li class='active'><a>30291<\/a><\/li>\n\n\n\n<li><a href='?page_no=30292'>30292<\/a><\/li>\n\n\n\n<li><a href='?page_no=30293'>30293<\/a><\/li>\n\n\n\n<li><a>...<\/a><\/li>\n\n\n\n<li><a href='?page_no=31963'>31963<\/a><\/li>\n\n\n\n<li><a href='?page_no=31964'>31964<\/a><\/li>\n\n    \n\t\n\n<li >\n\t<a href='?page_no=30292'>Next<\/a>\n\t<\/li>\n\n\n    \n\n<li><a href='?page_no=31964'>Last &rsaquo;&rsaquo;<\/a><\/li>\n\n<\/ul>\n\n\n--><br \/>\n<\/body><\/p>\n","protected":false},"excerpt":{"rendered":"<p>CANCUN, MEXICO, 13 dic 2010.- Los acuerdos firmados en Canc\u00fan representan la esperanza de la humanidad y el compromiso del liderazgo internacional de continuar realizando esfuerzos para hacer del planeta un lugar mejor habitable, dijo el vicepresidente dominicano Rafael Alburquerque, luego de agotadoras jornadas de trabajo que permitieron a representantes de 194 pa\u00edses presentes aqu\u00ed, [&hellip;]<\/p>\n","protected":false},"author":3,"featured_media":0,"comment_status":"open","ping_status":"open","sticky":false,"template":"","format":"standard","meta":{"footnotes":""},"categories":[24],"tags":[],"class_list":["post-155123","post","type-post","status-publish","format-standard","hentry","category-justicia-y-derecho"],"_links":{"self":[{"href":"https:\/\/diariodominicano.com\/index.php?rest_route=\/wp\/v2\/posts\/155123","targetHints":{"allow":["GET"]}}],"collection":[{"href":"https:\/\/diariodominicano.com\/index.php?rest_route=\/wp\/v2\/posts"}],"about":[{"href":"https:\/\/diariodominicano.com\/index.php?rest_route=\/wp\/v2\/types\/post"}],"author":[{"embeddable":true,"href":"https:\/\/diariodominicano.com\/index.php?rest_route=\/wp\/v2\/users\/3"}],"replies":[{"embeddable":true,"href":"https:\/\/diariodominicano.com\/index.php?rest_route=%2Fwp%2Fv2%2Fcomments&post=155123"}],"version-history":[{"count":0,"href":"https:\/\/diariodominicano.com\/index.php?rest_route=\/wp\/v2\/posts\/155123\/revisions"}],"wp:attachment":[{"href":"https:\/\/diariodominicano.com\/index.php?rest_route=%2Fwp%2Fv2%2Fmedia&parent=155123"}],"wp:term":[{"taxonomy":"category","embeddable":true,"href":"https:\/\/diariodominicano.com\/index.php?rest_route=%2Fwp%2Fv2%2Fcategories&post=155123"},{"taxonomy":"post_tag","embeddable":true,"href":"https:\/\/diariodominicano.com\/index.php?rest_route=%2Fwp%2Fv2%2Ftags&post=155123"}],"curies":[{"name":"wp","href":"https:\/\/api.w.org\/{rel}","templated":true}]}}