{"id":155122,"date":"2010-12-13T15:14:13","date_gmt":"2010-12-13T15:14:13","guid":{"rendered":"http:\/\/diariodominicano.ddns.net\/?p=155122"},"modified":"2010-12-13T15:14:13","modified_gmt":"2010-12-13T15:14:13","slug":"onamet-dice-lluvias-seguiran-debido-a-sistema-frontal-y-vaguada","status":"publish","type":"post","link":"https:\/\/diariodominicano.com\/?p=155122","title":{"rendered":"ONAMET dice  lluvias seguir\u00e1n debido a sistema frontal y vaguada"},"content":{"rendered":"<p><body><\/p>\n<p><span class=\"text1noticias\">Santo Domingo, 13 dic 2010.-  La Oficina Nacional de Meteorolog\u00eda (Onamet) inform\u00f3 este lunes que las  lluvias continuaran durante la semana debido a la presencia de un sistema frontal, localizado en la parte central de Cuba y que se mueve r\u00e1pidamente hacia el Sureste y una vaguada al Este de Puerto Rico con mayor actividad sobre el Canal de la Mona.<\/span><\/p>\n<\/p>\n<p><span class=\"text1noticias\">Para este lunes,  la Onamet informa que  el cielo estar\u00e1 medio nublado sobre todo despu\u00e9s del mediod\u00eda con lluvias d\u00e9biles hacia las  provincias de Montecristi, Santiago Rodr\u00edguez, Dajab\u00f3n, Valverde, Puerto Plata, Santiago, La Vega, Mar\u00eda Trinidad S\u00e1nchez, Hermanas Mirabal, y S\u00e1nchez Ram\u00edrez.<\/span><\/p>\n<\/p>\n<p><span class=\"text1noticias\">Agrega que en la provincia de Santo Domingo y el Distrito Nacional  el cielo estar\u00e1 medio nublado con incrementos de la nubosidad y lluvias de corta duraci\u00f3n.<\/span><\/p>\n<\/p>\n<p><span class=\"text1noticias\">Las lluvias se incrementar\u00e1n de manera gradual hacia las regiones Noroeste, Noreste, el Valle del Cibao y la cordillera Central.<\/span><\/p>\n<\/p>\n<p><span class=\"text1noticias\">Mientras que, las condiciones mar\u00edtimas en las costas del Atl\u00e1ntico siguen peligrosas para la navegaci\u00f3n por lo que la Onamet recomienda a los operadores de peque\u00f1as embarcaciones navegar con precauci\u00f3n sin alejarse del litoral.<\/span><\/p>\n<\/p>\n<p><span class=\"text1noticias\"> El oleaje oscila en promedio entre cuatro y seis pies de altura, siendo superiores mar afuera y la intensidad de los vientos entre ocho y 18 nudos con r\u00e1fagas en ocasiones.<\/span><\/p>\n<\/p>\n<p><span class=\"text1noticias\">Dijo que en las costas de la bah\u00eda de Saman\u00e1 se producir\u00e1n olas entre tres y cinco pies de altura, aumentando mar afuera y vientos que fluct\u00faan entre cinco y quince pies de altura, ocurriendo lluvias d\u00e9biles<\/span>.<\/p>\n<\/p>\n<h6> 2010-12-13 15:14:13 <\/h6>\n<p><!--\n<link rel=\"stylesheet\" href=\"css\/bootstrap.min.css\">\n\n\n<ul class=\"pagination\">\n\t    \n\t\n\n<li >\n\t<a href='?page_no=30289'>Previous<\/a>\n\t<\/li>\n\n\n       \n    \n\n<li><a href='?page_no=1'>1<\/a><\/li>\n\n\n\n<li><a href='?page_no=2'>2<\/a><\/li>\n\n\n\n<li><a>...<\/a><\/li>\n\n\n\n<li><a href='?page_no=30288'>30288<\/a><\/li>\n\n\n\n<li><a href='?page_no=30289'>30289<\/a><\/li>\n\n\n\n<li class='active'><a>30290<\/a><\/li>\n\n\n\n<li><a href='?page_no=30291'>30291<\/a><\/li>\n\n\n\n<li><a href='?page_no=30292'>30292<\/a><\/li>\n\n\n\n<li><a>...<\/a><\/li>\n\n\n\n<li><a href='?page_no=31963'>31963<\/a><\/li>\n\n\n\n<li><a href='?page_no=31964'>31964<\/a><\/li>\n\n    \n\t\n\n<li >\n\t<a href='?page_no=30291'>Next<\/a>\n\t<\/li>\n\n\n    \n\n<li><a href='?page_no=31964'>Last &rsaquo;&rsaquo;<\/a><\/li>\n\n<\/ul>\n\n\n--><br \/>\n<\/body><\/p>\n","protected":false},"excerpt":{"rendered":"<p>Santo Domingo, 13 dic 2010.- La Oficina Nacional de Meteorolog\u00eda (Onamet) inform\u00f3 este lunes que las lluvias continuaran durante la semana debido a la presencia de un sistema frontal, localizado en la parte central de Cuba y que se mueve r\u00e1pidamente hacia el Sureste y una vaguada al Este de Puerto Rico con mayor actividad [&hellip;]<\/p>\n","protected":false},"author":3,"featured_media":0,"comment_status":"open","ping_status":"open","sticky":false,"template":"","format":"standard","meta":{"footnotes":""},"categories":[24],"tags":[],"class_list":["post-155122","post","type-post","status-publish","format-standard","hentry","category-justicia-y-derecho"],"_links":{"self":[{"href":"https:\/\/diariodominicano.com\/index.php?rest_route=\/wp\/v2\/posts\/155122","targetHints":{"allow":["GET"]}}],"collection":[{"href":"https:\/\/diariodominicano.com\/index.php?rest_route=\/wp\/v2\/posts"}],"about":[{"href":"https:\/\/diariodominicano.com\/index.php?rest_route=\/wp\/v2\/types\/post"}],"author":[{"embeddable":true,"href":"https:\/\/diariodominicano.com\/index.php?rest_route=\/wp\/v2\/users\/3"}],"replies":[{"embeddable":true,"href":"https:\/\/diariodominicano.com\/index.php?rest_route=%2Fwp%2Fv2%2Fcomments&post=155122"}],"version-history":[{"count":0,"href":"https:\/\/diariodominicano.com\/index.php?rest_route=\/wp\/v2\/posts\/155122\/revisions"}],"wp:attachment":[{"href":"https:\/\/diariodominicano.com\/index.php?rest_route=%2Fwp%2Fv2%2Fmedia&parent=155122"}],"wp:term":[{"taxonomy":"category","embeddable":true,"href":"https:\/\/diariodominicano.com\/index.php?rest_route=%2Fwp%2Fv2%2Fcategories&post=155122"},{"taxonomy":"post_tag","embeddable":true,"href":"https:\/\/diariodominicano.com\/index.php?rest_route=%2Fwp%2Fv2%2Ftags&post=155122"}],"curies":[{"name":"wp","href":"https:\/\/api.w.org\/{rel}","templated":true}]}}