{"id":155121,"date":"2010-12-13T15:34:47","date_gmt":"2010-12-13T15:34:47","guid":{"rendered":"http:\/\/diariodominicano.ddns.net\/?p=155121"},"modified":"2010-12-13T15:34:47","modified_gmt":"2010-12-13T15:34:47","slug":"presidente-del-senado-aclara-no-se-ha-derogado-ley-de-educacion","status":"publish","type":"post","link":"https:\/\/diariodominicano.com\/?p=155121","title":{"rendered":"Presidente del Senado aclara no se ha derogado Ley de Educaci\u00f3n"},"content":{"rendered":"<p><body><\/p>\n<p><img decoding=\"async\" src=\"http:\/\/localhost:8080\/justiciayderecho\/img3\/Reinaldo Pared perez..2.jpg\" \/>  <\/p>\n<p><span class=\"text1noticias\">Santo Domingo, 13 dic 2010.-  El presidente del Senado aclar\u00f3 que la C\u00e1mara Alta no ha derogado la Ley de Educaci\u00f3n en su art\u00edculo referente a la inversi\u00f3n en educaci\u00f3n, como afirman varias organizaciones.<\/span><\/p>\n<\/p>\n<p><span class=\"text1noticias\">El doctor Reinaldo Pared P\u00e9rez dijo que los pronunciamientos en esa direcci\u00f3n forman parte de la campa\u00f1a de manipulaci\u00f3n desarrollada por sectores pol\u00edticos y de la sociedad civil para confundir a la ciudadan\u00eda.<\/span><\/p>\n<p><span class=\"text1noticias\"> <\/span><\/p>\n<p><span class=\"text1noticias\">Explic\u00f3 que el pasado viernes fue aprobado en el Senado el proyecto de Presupuesto y Ley de  Gastos P\u00fablicos con un mecanismo que permitir\u00e1 destinar el 30 por ciento de los excedentes presupuestarios a la educaci\u00f3n.<\/span><\/p>\n<\/p>\n<p><span class=\"text1noticias\">Indic\u00f3 que el Senado no discuti\u00f3 ni derog\u00f3 la Ley de Educaci\u00f3n y record\u00f3 a quienes reclaman inversi\u00f3n en educaci\u00f3n, que lo que se discuti\u00f3 fue el Presupuesto de la naci\u00f3n.<\/span><\/p>\n<\/p>\n<p><span class=\"text1noticias\">Refiri\u00f3 que existe una campa\u00f1a de manipulaci\u00f3n que busca hacer creer que el gobierno del Partido de la Liberaci\u00f3n Dominicana (PLD) no est\u00e1 interesado en destinar recursos al sector educaci\u00f3n o que no lo ha hecho debidamente en sus gobiernos.<\/span><\/p>\n<\/p>\n<p><span class=\"text1noticias\">Agreg\u00f3 que el opositor Partido Revolucionario  Dominicana ha estado activo en la campa\u00f1a exigiendo mayor presupuesto para el \u00e1rea educativa, pero record\u00f3 que esa organizaci\u00f3n nunca cumpli\u00f3 la Ley General de Educaci\u00f3n en lo relativo a ese y otros puntos.<\/span><\/p>\n<\/p>\n<h6> 2010-12-13 15:34:47 <\/h6>\n<p><!--\n<link rel=\"stylesheet\" href=\"css\/bootstrap.min.css\">\n\n\n<ul class=\"pagination\">\n\t    \n\t\n\n<li >\n\t<a href='?page_no=30288'>Previous<\/a>\n\t<\/li>\n\n\n       \n    \n\n<li><a href='?page_no=1'>1<\/a><\/li>\n\n\n\n<li><a href='?page_no=2'>2<\/a><\/li>\n\n\n\n<li><a>...<\/a><\/li>\n\n\n\n<li><a href='?page_no=30287'>30287<\/a><\/li>\n\n\n\n<li><a href='?page_no=30288'>30288<\/a><\/li>\n\n\n\n<li class='active'><a>30289<\/a><\/li>\n\n\n\n<li><a href='?page_no=30290'>30290<\/a><\/li>\n\n\n\n<li><a href='?page_no=30291'>30291<\/a><\/li>\n\n\n\n<li><a>...<\/a><\/li>\n\n\n\n<li><a href='?page_no=31963'>31963<\/a><\/li>\n\n\n\n<li><a href='?page_no=31964'>31964<\/a><\/li>\n\n    \n\t\n\n<li >\n\t<a href='?page_no=30290'>Next<\/a>\n\t<\/li>\n\n\n    \n\n<li><a href='?page_no=31964'>Last &rsaquo;&rsaquo;<\/a><\/li>\n\n<\/ul>\n\n\n--><br \/>\n<\/body><\/p>\n","protected":false},"excerpt":{"rendered":"<p>Santo Domingo, 13 dic 2010.- El presidente del Senado aclar\u00f3 que la C\u00e1mara Alta no ha derogado la Ley de Educaci\u00f3n en su art\u00edculo referente a la inversi\u00f3n en educaci\u00f3n, como afirman varias organizaciones. El doctor Reinaldo Pared P\u00e9rez dijo que los pronunciamientos en esa direcci\u00f3n forman parte de la campa\u00f1a de manipulaci\u00f3n desarrollada por [&hellip;]<\/p>\n","protected":false},"author":3,"featured_media":0,"comment_status":"open","ping_status":"open","sticky":false,"template":"","format":"standard","meta":{"footnotes":""},"categories":[24],"tags":[],"class_list":["post-155121","post","type-post","status-publish","format-standard","hentry","category-justicia-y-derecho"],"_links":{"self":[{"href":"https:\/\/diariodominicano.com\/index.php?rest_route=\/wp\/v2\/posts\/155121","targetHints":{"allow":["GET"]}}],"collection":[{"href":"https:\/\/diariodominicano.com\/index.php?rest_route=\/wp\/v2\/posts"}],"about":[{"href":"https:\/\/diariodominicano.com\/index.php?rest_route=\/wp\/v2\/types\/post"}],"author":[{"embeddable":true,"href":"https:\/\/diariodominicano.com\/index.php?rest_route=\/wp\/v2\/users\/3"}],"replies":[{"embeddable":true,"href":"https:\/\/diariodominicano.com\/index.php?rest_route=%2Fwp%2Fv2%2Fcomments&post=155121"}],"version-history":[{"count":0,"href":"https:\/\/diariodominicano.com\/index.php?rest_route=\/wp\/v2\/posts\/155121\/revisions"}],"wp:attachment":[{"href":"https:\/\/diariodominicano.com\/index.php?rest_route=%2Fwp%2Fv2%2Fmedia&parent=155121"}],"wp:term":[{"taxonomy":"category","embeddable":true,"href":"https:\/\/diariodominicano.com\/index.php?rest_route=%2Fwp%2Fv2%2Fcategories&post=155121"},{"taxonomy":"post_tag","embeddable":true,"href":"https:\/\/diariodominicano.com\/index.php?rest_route=%2Fwp%2Fv2%2Ftags&post=155121"}],"curies":[{"name":"wp","href":"https:\/\/api.w.org\/{rel}","templated":true}]}}