{"id":155120,"date":"2010-12-13T17:39:55","date_gmt":"2010-12-13T17:39:55","guid":{"rendered":"http:\/\/diariodominicano.ddns.net\/?p=155120"},"modified":"2010-12-13T17:39:55","modified_gmt":"2010-12-13T17:39:55","slug":"fuertes-medidas-de-seguridad-se-han-adoptados-en-los-alrededores-del-congreso-nacional","status":"publish","type":"post","link":"https:\/\/diariodominicano.com\/?p=155120","title":{"rendered":"Fuertes medidas de seguridad se han adoptados en los alrededores del Congreso Nacional"},"content":{"rendered":"<p><body><\/p>\n<p><img decoding=\"async\" src=\"http:\/\/localhost:8080\/justiciayderecho\/img3\/Congreso Nacional.jpg\" \/>  <\/p>\n<p><span class=\"text1noticias\">Santo Domingo. 13 dic 2010.-   Fuertes medidas de seguridad fueron adoptadas desde temprana horas de la ma\u00f1ana de este lunes en todas las calles que dan acceso al Congreso Nacional para impedir que manifestantes que reclaman al 4% del Producto Interno Bruto para educaci\u00f3n lleguen hasta el lugar.<\/span><\/p>\n<\/p>\n<p><span class=\"text1noticias\">Las cales que dan acceso al Congreso fueron bloqueadas con vallas met\u00e1licas y resguardadas con un contingente de la Polic\u00eda y el Ej\u00e9rcito Nacional.<\/span><\/p>\n<p><span class=\"text1noticias\"> <\/span><\/p>\n<p><span class=\"text1noticias\">Seg\u00fan informaron miembros de la Polic\u00eda, su presencia en el lugar obedece a \u00f3rdenes del jefe de seguridad del Congreso para evitar que se coloque cualquier promoci\u00f3n o se produzca alg\u00fan desorden.<\/span><\/p>\n<p><span class=\"text1noticias\"> <\/span><\/p>\n<p><span class=\"text1noticias\">Desde el domingo, la Coalici\u00f3n por Educaci\u00f3n Digna convoc\u00f3 a la poblaci\u00f3n a concentrarse en el Congreso Nacional en reclamo de que el Gobierno y los legisladores cumplan con la ley que asigna el 4% del PIB a la Educaci\u00f3n.<\/span><\/p>\n<\/p>\n<p><span class=\"text1noticias\">Pero desde temprana hora de la ma\u00f1ana decenas de agentes de la Polic\u00eda y el Ej\u00e9rcito mantienen el \u00e1rea cercada y evitaron que algunos j\u00f3venes coloquen la promoci\u00f3n de dicha exigencia en los alrededores del Congreso<\/span>.<\/p>\n<\/p>\n<\/p>\n<h6> 2010-12-13 17:39:55 <\/h6>\n<p><!--\n<link rel=\"stylesheet\" href=\"css\/bootstrap.min.css\">\n\n\n<ul class=\"pagination\">\n\t    \n\t\n\n<li >\n\t<a href='?page_no=30287'>Previous<\/a>\n\t<\/li>\n\n\n       \n    \n\n<li><a href='?page_no=1'>1<\/a><\/li>\n\n\n\n<li><a href='?page_no=2'>2<\/a><\/li>\n\n\n\n<li><a>...<\/a><\/li>\n\n\n\n<li><a href='?page_no=30286'>30286<\/a><\/li>\n\n\n\n<li><a href='?page_no=30287'>30287<\/a><\/li>\n\n\n\n<li class='active'><a>30288<\/a><\/li>\n\n\n\n<li><a href='?page_no=30289'>30289<\/a><\/li>\n\n\n\n<li><a href='?page_no=30290'>30290<\/a><\/li>\n\n\n\n<li><a>...<\/a><\/li>\n\n\n\n<li><a href='?page_no=31963'>31963<\/a><\/li>\n\n\n\n<li><a href='?page_no=31964'>31964<\/a><\/li>\n\n    \n\t\n\n<li >\n\t<a href='?page_no=30289'>Next<\/a>\n\t<\/li>\n\n\n    \n\n<li><a href='?page_no=31964'>Last &rsaquo;&rsaquo;<\/a><\/li>\n\n<\/ul>\n\n\n--><br \/>\n<\/body><\/p>\n","protected":false},"excerpt":{"rendered":"<p>Santo Domingo. 13 dic 2010.- Fuertes medidas de seguridad fueron adoptadas desde temprana horas de la ma\u00f1ana de este lunes en todas las calles que dan acceso al Congreso Nacional para impedir que manifestantes que reclaman al 4% del Producto Interno Bruto para educaci\u00f3n lleguen hasta el lugar. Las cales que dan acceso al Congreso [&hellip;]<\/p>\n","protected":false},"author":3,"featured_media":0,"comment_status":"open","ping_status":"open","sticky":false,"template":"","format":"standard","meta":{"footnotes":""},"categories":[24],"tags":[],"class_list":["post-155120","post","type-post","status-publish","format-standard","hentry","category-justicia-y-derecho"],"_links":{"self":[{"href":"https:\/\/diariodominicano.com\/index.php?rest_route=\/wp\/v2\/posts\/155120","targetHints":{"allow":["GET"]}}],"collection":[{"href":"https:\/\/diariodominicano.com\/index.php?rest_route=\/wp\/v2\/posts"}],"about":[{"href":"https:\/\/diariodominicano.com\/index.php?rest_route=\/wp\/v2\/types\/post"}],"author":[{"embeddable":true,"href":"https:\/\/diariodominicano.com\/index.php?rest_route=\/wp\/v2\/users\/3"}],"replies":[{"embeddable":true,"href":"https:\/\/diariodominicano.com\/index.php?rest_route=%2Fwp%2Fv2%2Fcomments&post=155120"}],"version-history":[{"count":0,"href":"https:\/\/diariodominicano.com\/index.php?rest_route=\/wp\/v2\/posts\/155120\/revisions"}],"wp:attachment":[{"href":"https:\/\/diariodominicano.com\/index.php?rest_route=%2Fwp%2Fv2%2Fmedia&parent=155120"}],"wp:term":[{"taxonomy":"category","embeddable":true,"href":"https:\/\/diariodominicano.com\/index.php?rest_route=%2Fwp%2Fv2%2Fcategories&post=155120"},{"taxonomy":"post_tag","embeddable":true,"href":"https:\/\/diariodominicano.com\/index.php?rest_route=%2Fwp%2Fv2%2Ftags&post=155120"}],"curies":[{"name":"wp","href":"https:\/\/api.w.org\/{rel}","templated":true}]}}