{"id":155119,"date":"2010-12-13T17:46:58","date_gmt":"2010-12-13T17:46:58","guid":{"rendered":"http:\/\/diariodominicano.ddns.net\/?p=155119"},"modified":"2010-12-13T17:46:58","modified_gmt":"2010-12-13T17:46:58","slug":"rd-y-haiti-desarrollaran-programa-binacional","status":"publish","type":"post","link":"https:\/\/diariodominicano.com\/?p=155119","title":{"rendered":"RD y Hait\u00ed  desarrollar\u00e1n programa binacional"},"content":{"rendered":"<p><body><\/p>\n<p><img decoding=\"async\" src=\"http:\/\/localhost:8080\/justiciayderecho\/img3\/Domingo%20Jim%C3%83%C2%A9nez%20ONFE.jpg\" \/>  <\/p>\n<p><span class=\"text1noticias\">Santo Domingo, 13 dic 2010.-  En la Rep\u00fablica Dominicana se iniciaron este lunes los pasos a seguir para  preparar el programa binacional a ser ejecutado conjuntamente  con Hait\u00ed  con una inversi\u00f3n de 47 millones de euros.<\/span><\/p>\n<\/p>\n<p><span class=\"text1noticias\">As\u00ed lo inform\u00f3 el Ordenador Nacional de los Fondos Europeos de Desarrollo, Domingo Jim\u00e9nez, quien dijo que el objetivo principal es contribuir al desarrollo de las ciudades comprendidas entre Cabo Haitiano y Dajab\u00f3n.<\/span><\/p>\n<\/p>\n<p><span class=\"text1noticias\">El director general de cooperaci\u00f3n multilateral y ordenador de los Fondos Europeos de Desarrollo ofreci\u00f3 sus declaraciones durante un taller en el que participaron delegaciones europeas para la preparaci\u00f3n y ejecuci\u00f3n de dicho programa binacional.<\/span><\/p>\n<\/p>\n<p><span class=\"text1noticias\">Durante el encuentro se busca de identificar y presentar los hallazgos y conclusiones y someter a an\u00e1lisis las principales l\u00edneas de acci\u00f3n identificadas para el desarrollo de la zona fronteriza<\/span>.<\/p>\n<h6> 2010-12-13 17:46:58 <\/h6>\n<p><!--\n<link rel=\"stylesheet\" href=\"css\/bootstrap.min.css\">\n\n\n<ul class=\"pagination\">\n\t    \n\t\n\n<li >\n\t<a href='?page_no=30286'>Previous<\/a>\n\t<\/li>\n\n\n       \n    \n\n<li><a href='?page_no=1'>1<\/a><\/li>\n\n\n\n<li><a href='?page_no=2'>2<\/a><\/li>\n\n\n\n<li><a>...<\/a><\/li>\n\n\n\n<li><a href='?page_no=30285'>30285<\/a><\/li>\n\n\n\n<li><a href='?page_no=30286'>30286<\/a><\/li>\n\n\n\n<li class='active'><a>30287<\/a><\/li>\n\n\n\n<li><a href='?page_no=30288'>30288<\/a><\/li>\n\n\n\n<li><a href='?page_no=30289'>30289<\/a><\/li>\n\n\n\n<li><a>...<\/a><\/li>\n\n\n\n<li><a href='?page_no=31963'>31963<\/a><\/li>\n\n\n\n<li><a href='?page_no=31964'>31964<\/a><\/li>\n\n    \n\t\n\n<li >\n\t<a href='?page_no=30288'>Next<\/a>\n\t<\/li>\n\n\n    \n\n<li><a href='?page_no=31964'>Last &rsaquo;&rsaquo;<\/a><\/li>\n\n<\/ul>\n\n\n--><br \/>\n<\/body><\/p>\n","protected":false},"excerpt":{"rendered":"<p>Santo Domingo, 13 dic 2010.- En la Rep\u00fablica Dominicana se iniciaron este lunes los pasos a seguir para preparar el programa binacional a ser ejecutado conjuntamente con Hait\u00ed con una inversi\u00f3n de 47 millones de euros. As\u00ed lo inform\u00f3 el Ordenador Nacional de los Fondos Europeos de Desarrollo, Domingo Jim\u00e9nez, quien dijo que el objetivo [&hellip;]<\/p>\n","protected":false},"author":3,"featured_media":0,"comment_status":"open","ping_status":"open","sticky":false,"template":"","format":"standard","meta":{"footnotes":""},"categories":[24],"tags":[],"class_list":["post-155119","post","type-post","status-publish","format-standard","hentry","category-justicia-y-derecho"],"_links":{"self":[{"href":"https:\/\/diariodominicano.com\/index.php?rest_route=\/wp\/v2\/posts\/155119","targetHints":{"allow":["GET"]}}],"collection":[{"href":"https:\/\/diariodominicano.com\/index.php?rest_route=\/wp\/v2\/posts"}],"about":[{"href":"https:\/\/diariodominicano.com\/index.php?rest_route=\/wp\/v2\/types\/post"}],"author":[{"embeddable":true,"href":"https:\/\/diariodominicano.com\/index.php?rest_route=\/wp\/v2\/users\/3"}],"replies":[{"embeddable":true,"href":"https:\/\/diariodominicano.com\/index.php?rest_route=%2Fwp%2Fv2%2Fcomments&post=155119"}],"version-history":[{"count":0,"href":"https:\/\/diariodominicano.com\/index.php?rest_route=\/wp\/v2\/posts\/155119\/revisions"}],"wp:attachment":[{"href":"https:\/\/diariodominicano.com\/index.php?rest_route=%2Fwp%2Fv2%2Fmedia&parent=155119"}],"wp:term":[{"taxonomy":"category","embeddable":true,"href":"https:\/\/diariodominicano.com\/index.php?rest_route=%2Fwp%2Fv2%2Fcategories&post=155119"},{"taxonomy":"post_tag","embeddable":true,"href":"https:\/\/diariodominicano.com\/index.php?rest_route=%2Fwp%2Fv2%2Ftags&post=155119"}],"curies":[{"name":"wp","href":"https:\/\/api.w.org\/{rel}","templated":true}]}}