{"id":155118,"date":"2010-12-13T20:08:17","date_gmt":"2010-12-13T20:08:17","guid":{"rendered":"http:\/\/diariodominicano.ddns.net\/?p=155118"},"modified":"2010-12-13T20:08:17","modified_gmt":"2010-12-13T20:08:17","slug":"muere-disparo-a-cabeza-hijo-ex-gobernador-san-cristobal","status":"publish","type":"post","link":"https:\/\/diariodominicano.com\/?p=155118","title":{"rendered":"&#13;Muere disparo a cabeza, hijo ex.gobernador San Crist\u00f2bal"},"content":{"rendered":"<p><body><\/p>\n<p><img decoding=\"async\" src=\"http:\/\/localhost:8080\/justiciayderecho\/img3\/murete  c.jpg\" \/>  <\/p>\n<\/p>\n<p><span class=\"text1noticias\">Santo Domingo13 Dic 2010.-Un hijo del ex gobernador de San Crist\u00f3bal, Ra\u00fal Javier F\u00e9lix, fue encontrado muerto con un disparo en la cabeza,  en el interior de un veh\u00edculo en un residencial en la autopista 6 de Noviembre, en un hecho que est\u00e1 siendo investigado por la Polic\u00eda.<\/span><\/p>\n<\/p>\n<p><span class=\"text1noticias\">El muerto es Juan Jos\u00e9 Javier, de 30 a\u00f1os, cuyo cuerpo fue hallado en el interior de su carro marca Toyota, en el Residencial Gardenia, y junto a \u00e9l una pistola de su propiedad.<\/span><\/p>\n<\/p>\n<p><span class=\"text1noticias\">El padre del fallcido es dirigente del Partido de la Liberaci\u00f3n Dominicana y actualmente es el encargado de contabilidad de la Superintendencia de Electricidad.<\/span><\/p>\n<p><span class=\"text1noticias\"> <\/span><\/p>\n<p><span class=\"text1noticias\">Al lugar acudieron decenas personas desde que se enteraron de la noticia.<\/span><\/p>\n<\/p>\n<h6> 2010-12-13 20:08:17 <\/h6>\n<p><!--\n<link rel=\"stylesheet\" href=\"css\/bootstrap.min.css\">\n\n\n<ul class=\"pagination\">\n\t    \n\t\n\n<li >\n\t<a href='?page_no=30285'>Previous<\/a>\n\t<\/li>\n\n\n       \n    \n\n<li><a href='?page_no=1'>1<\/a><\/li>\n\n\n\n<li><a href='?page_no=2'>2<\/a><\/li>\n\n\n\n<li><a>...<\/a><\/li>\n\n\n\n<li><a href='?page_no=30284'>30284<\/a><\/li>\n\n\n\n<li><a href='?page_no=30285'>30285<\/a><\/li>\n\n\n\n<li class='active'><a>30286<\/a><\/li>\n\n\n\n<li><a href='?page_no=30287'>30287<\/a><\/li>\n\n\n\n<li><a href='?page_no=30288'>30288<\/a><\/li>\n\n\n\n<li><a>...<\/a><\/li>\n\n\n\n<li><a href='?page_no=31963'>31963<\/a><\/li>\n\n\n\n<li><a href='?page_no=31964'>31964<\/a><\/li>\n\n    \n\t\n\n<li >\n\t<a href='?page_no=30287'>Next<\/a>\n\t<\/li>\n\n\n    \n\n<li><a href='?page_no=31964'>Last &rsaquo;&rsaquo;<\/a><\/li>\n\n<\/ul>\n\n\n--><br \/>\n<\/body><\/p>\n","protected":false},"excerpt":{"rendered":"<p>Santo Domingo13 Dic 2010.-Un hijo del ex gobernador de San Crist\u00f3bal, Ra\u00fal Javier F\u00e9lix, fue encontrado muerto con un disparo en la cabeza, en el interior de un veh\u00edculo en un residencial en la autopista 6 de Noviembre, en un hecho que est\u00e1 siendo investigado por la Polic\u00eda. El muerto es Juan Jos\u00e9 Javier, de [&hellip;]<\/p>\n","protected":false},"author":3,"featured_media":0,"comment_status":"open","ping_status":"open","sticky":false,"template":"","format":"standard","meta":{"footnotes":""},"categories":[24],"tags":[],"class_list":["post-155118","post","type-post","status-publish","format-standard","hentry","category-justicia-y-derecho"],"_links":{"self":[{"href":"https:\/\/diariodominicano.com\/index.php?rest_route=\/wp\/v2\/posts\/155118","targetHints":{"allow":["GET"]}}],"collection":[{"href":"https:\/\/diariodominicano.com\/index.php?rest_route=\/wp\/v2\/posts"}],"about":[{"href":"https:\/\/diariodominicano.com\/index.php?rest_route=\/wp\/v2\/types\/post"}],"author":[{"embeddable":true,"href":"https:\/\/diariodominicano.com\/index.php?rest_route=\/wp\/v2\/users\/3"}],"replies":[{"embeddable":true,"href":"https:\/\/diariodominicano.com\/index.php?rest_route=%2Fwp%2Fv2%2Fcomments&post=155118"}],"version-history":[{"count":0,"href":"https:\/\/diariodominicano.com\/index.php?rest_route=\/wp\/v2\/posts\/155118\/revisions"}],"wp:attachment":[{"href":"https:\/\/diariodominicano.com\/index.php?rest_route=%2Fwp%2Fv2%2Fmedia&parent=155118"}],"wp:term":[{"taxonomy":"category","embeddable":true,"href":"https:\/\/diariodominicano.com\/index.php?rest_route=%2Fwp%2Fv2%2Fcategories&post=155118"},{"taxonomy":"post_tag","embeddable":true,"href":"https:\/\/diariodominicano.com\/index.php?rest_route=%2Fwp%2Fv2%2Ftags&post=155118"}],"curies":[{"name":"wp","href":"https:\/\/api.w.org\/{rel}","templated":true}]}}