{"id":155117,"date":"2010-12-13T20:28:27","date_gmt":"2010-12-13T20:28:27","guid":{"rendered":"http:\/\/diariodominicano.ddns.net\/?p=155117"},"modified":"2010-12-13T20:28:27","modified_gmt":"2010-12-13T20:28:27","slug":"conoceran-medidas-coercion-contra-coronel-golpeo-sargento","status":"publish","type":"post","link":"https:\/\/diariodominicano.com\/?p=155117","title":{"rendered":"Conocer\u00e1n medidas coerci\u00f3n contra coronel golpe\u00f3 sargento"},"content":{"rendered":"<p><body><\/p>\n<p><img decoding=\"async\" src=\"http:\/\/localhost:8080\/justiciayderecho\/img3\/fiscal de santiago.jpg\" \/>  <\/p>\n<\/p>\n<p><span class=\"text1noticias\">Santiago, 13 Dic 2010.-La fiscal de Santiago anunci\u00f3 que en las pr\u00f3ximas horas  le ser\u00e1n conocidas  medidas de coerci\u00f3n, al teniente coronel de la Polic\u00eda Nacional, Juan Ram\u00f3n de la Cruz Taveras.<\/span><\/p>\n<\/p>\n<p><span class=\"text1noticias\">La magistrada Jenni Berenice Reynoso inform\u00f3 que est\u00e1 en los preparativos para conocer el caso, relacionado con la acusaci\u00f3n en contra del oficial de haber golpeado a una agente de esa misma instituci\u00f3n en un destacamento policial en esta ciudad.<\/span><\/p>\n<\/p>\n<p><span class=\"text1noticias\">La sargento Mildred Cepeda Su\u00e1rez fue golpeada por el citado oficial cuando se neg\u00f3 a entregarle a Yuddy Antonio Francisco, quien estaba arrestado en el destacamento del ensanche Espaillat.<\/span><\/p>\n<\/p>\n<p><span class=\"text1noticias\">La fiscal dijo que en las pr\u00f3ximas horas  ser\u00e1n conocidas las medidas de coerci\u00f3n, para determinar el curso del expediente acusatorio contra el oficial policial.<\/span><\/p>\n<\/p>\n<h6> 2010-12-13 20:28:27 <\/h6>\n<p><!--\n<link rel=\"stylesheet\" href=\"css\/bootstrap.min.css\">\n\n\n<ul class=\"pagination\">\n\t    \n\t\n\n<li >\n\t<a href='?page_no=30284'>Previous<\/a>\n\t<\/li>\n\n\n       \n    \n\n<li><a href='?page_no=1'>1<\/a><\/li>\n\n\n\n<li><a href='?page_no=2'>2<\/a><\/li>\n\n\n\n<li><a>...<\/a><\/li>\n\n\n\n<li><a href='?page_no=30283'>30283<\/a><\/li>\n\n\n\n<li><a href='?page_no=30284'>30284<\/a><\/li>\n\n\n\n<li class='active'><a>30285<\/a><\/li>\n\n\n\n<li><a href='?page_no=30286'>30286<\/a><\/li>\n\n\n\n<li><a href='?page_no=30287'>30287<\/a><\/li>\n\n\n\n<li><a>...<\/a><\/li>\n\n\n\n<li><a href='?page_no=31963'>31963<\/a><\/li>\n\n\n\n<li><a href='?page_no=31964'>31964<\/a><\/li>\n\n    \n\t\n\n<li >\n\t<a href='?page_no=30286'>Next<\/a>\n\t<\/li>\n\n\n    \n\n<li><a href='?page_no=31964'>Last &rsaquo;&rsaquo;<\/a><\/li>\n\n<\/ul>\n\n\n--><br \/>\n<\/body><\/p>\n","protected":false},"excerpt":{"rendered":"<p>Santiago, 13 Dic 2010.-La fiscal de Santiago anunci\u00f3 que en las pr\u00f3ximas horas le ser\u00e1n conocidas medidas de coerci\u00f3n, al teniente coronel de la Polic\u00eda Nacional, Juan Ram\u00f3n de la Cruz Taveras. La magistrada Jenni Berenice Reynoso inform\u00f3 que est\u00e1 en los preparativos para conocer el caso, relacionado con la acusaci\u00f3n en contra del oficial [&hellip;]<\/p>\n","protected":false},"author":3,"featured_media":0,"comment_status":"open","ping_status":"open","sticky":false,"template":"","format":"standard","meta":{"footnotes":""},"categories":[24],"tags":[],"class_list":["post-155117","post","type-post","status-publish","format-standard","hentry","category-justicia-y-derecho"],"_links":{"self":[{"href":"https:\/\/diariodominicano.com\/index.php?rest_route=\/wp\/v2\/posts\/155117","targetHints":{"allow":["GET"]}}],"collection":[{"href":"https:\/\/diariodominicano.com\/index.php?rest_route=\/wp\/v2\/posts"}],"about":[{"href":"https:\/\/diariodominicano.com\/index.php?rest_route=\/wp\/v2\/types\/post"}],"author":[{"embeddable":true,"href":"https:\/\/diariodominicano.com\/index.php?rest_route=\/wp\/v2\/users\/3"}],"replies":[{"embeddable":true,"href":"https:\/\/diariodominicano.com\/index.php?rest_route=%2Fwp%2Fv2%2Fcomments&post=155117"}],"version-history":[{"count":0,"href":"https:\/\/diariodominicano.com\/index.php?rest_route=\/wp\/v2\/posts\/155117\/revisions"}],"wp:attachment":[{"href":"https:\/\/diariodominicano.com\/index.php?rest_route=%2Fwp%2Fv2%2Fmedia&parent=155117"}],"wp:term":[{"taxonomy":"category","embeddable":true,"href":"https:\/\/diariodominicano.com\/index.php?rest_route=%2Fwp%2Fv2%2Fcategories&post=155117"},{"taxonomy":"post_tag","embeddable":true,"href":"https:\/\/diariodominicano.com\/index.php?rest_route=%2Fwp%2Fv2%2Ftags&post=155117"}],"curies":[{"name":"wp","href":"https:\/\/api.w.org\/{rel}","templated":true}]}}