{"id":155116,"date":"2010-12-13T20:50:06","date_gmt":"2010-12-13T20:50:06","guid":{"rendered":"http:\/\/diariodominicano.ddns.net\/?p=155116"},"modified":"2010-12-13T20:50:06","modified_gmt":"2010-12-13T20:50:06","slug":"comision-reconstruccion-haiti-se-reunira-en-santo-domingo-bill-clinton-estara-presente","status":"publish","type":"post","link":"https:\/\/diariodominicano.com\/?p=155116","title":{"rendered":"Comisi\u00f3n reconstrucci\u00f3n Hait\u00ed se reunir\u00e1 en Santo Domingo; Bill Clinton estar\u00e1 presente"},"content":{"rendered":"<p><body><\/p>\n<p><img decoding=\"async\" src=\"http:\/\/localhost:8080\/justiciayderecho\/img3\/bill  c.jpg\" \/>  <\/p>\n<\/p>\n<p><span class=\"text1noticias\">SANTO DOMINGO, 13 Dic 2010.- La Comisi\u00f3n Interina para la Reconstrucci\u00f3n de Hait\u00ed (CIRH) se reunir\u00e1 este martes  en Santo Domingo ante la imprevisible situaci\u00f3n que se vive en el vecino pa\u00eds tras los violentos incidentes desatados la pasada semana, despu\u00e9s de que se conocieran los resultados de las elecciones del 28 de noviembre. <\/span><\/p>\n<\/p>\n<p><span class=\"text1noticias\">La comisi\u00f3n, encargada de coordinar los planes de reconstrucci\u00f3n de Hait\u00ed tras el devastador terremoto que dej\u00f3 300,000 muertos en enero, indic\u00f3 en un comunicado que en la sesi\u00f3n de trabajo participar\u00e1n, entre otros, el primer ministro de Hait\u00ed, Jean Max Bellerive, y el ex presidente de Estados Unidos Bill Clinton, quienes copresiden el organismo. <\/span><\/p>\n<\/p>\n<p><span class=\"text1noticias\">\u00abLa CIRH est\u00e1 m\u00e1s comprometida que nunca con el proceso de reconstrucci\u00f3n de Hait\u00ed a largo plazo, independiente de qui\u00e9n sea electo presidente\u00bb, dijo Gabriel Verret, director ejecutivo de la comisi\u00f3n. <\/span><\/p>\n<\/p>\n<p><span class=\"text1noticias\">Hait\u00ed vivi\u00f3 la pasada semana violentos incidentes, con cuatro muertos y un n\u00famero no precisado de heridos, despu\u00e9s de que las autoridades electorales dieran a conocer los resultados de las elecciones del 28 de noviembre, que ser\u00e1n revisados por una comisi\u00f3n de verificaci\u00f3n.<\/span><\/p>\n<\/p>\n<p><span class=\"text1noticias\">\u00abEs de suma importancia para nosotros el continuar trabajando para lograr mejorar la calidad de vida de las personas\u00bb, agreg\u00f3 Verret. <\/span><\/p>\n<\/p>\n<p><span class=\"text1noticias\">La CIRH, creada por decreto presidencial el 21 de abril de 2010, tres meses despu\u00e9s del sismo, ha aprobado 49 proyectos en sus tres primeras reuniones. <\/span><\/p>\n<\/p>\n<p><span class=\"text1noticias\">En su anterior sesi\u00f3n, celebrada el 6 de octubre en Puerto Pr\u00edncipe, anunci\u00f3 la aprobaci\u00f3n de 18 proyectos con una inversi\u00f3n de 777 millones de d\u00f3lares, lo que incluye planes para subvencionar la educaci\u00f3n de unos 250,000 ni\u00f1os y la construcci\u00f3n de unas 5,000 viviendas.<\/span><\/p>\n<\/p>\n<p><span class=\"text1noticias\">La entidad tiene como misi\u00f3n emprender, en los mejores plazos, la planificaci\u00f3n, coordinaci\u00f3n y la puesta en ejecuci\u00f3n de los proyectos de desarrollo y de los programas financiados por los proveedores de fondos internacionales, las organizaciones no gubernamentales (ONG) y el sector privado. <\/span><\/p>\n<\/p>\n<p><span class=\"text1noticias\">Como consecuencia del terremoto, que sacudi\u00f3 principalmente a la capital, Puerto Pr\u00edncipe, y a varias ciudades pr\u00f3ximas, 1.3 millones de personas viven en condiciones precarias, la mayor\u00eda bajo carpas y tiendas de campa\u00f1a, y sufren dificultades de acceso a servicios esenciales once meses despu\u00e9s de la cat\u00e1strofe. <\/span><\/p>\n<\/p>\n<p><span class=\"text1noticias\">La situaci\u00f3n del empobrecido pa\u00eds se ve agravada, adem\u00e1s, por una epidemia de c\u00f3lera que ha causado la muerte de m\u00e1s de 2.000 personas y ha afectado a m\u00e1s de 93,000.<\/span><\/p>\n<\/p>\n<h6> 2010-12-13 20:50:06 <\/h6>\n<p><!--\n<link rel=\"stylesheet\" href=\"css\/bootstrap.min.css\">\n\n\n<ul class=\"pagination\">\n\t    \n\t\n\n<li >\n\t<a href='?page_no=30283'>Previous<\/a>\n\t<\/li>\n\n\n       \n    \n\n<li><a href='?page_no=1'>1<\/a><\/li>\n\n\n\n<li><a href='?page_no=2'>2<\/a><\/li>\n\n\n\n<li><a>...<\/a><\/li>\n\n\n\n<li><a href='?page_no=30282'>30282<\/a><\/li>\n\n\n\n<li><a href='?page_no=30283'>30283<\/a><\/li>\n\n\n\n<li class='active'><a>30284<\/a><\/li>\n\n\n\n<li><a href='?page_no=30285'>30285<\/a><\/li>\n\n\n\n<li><a href='?page_no=30286'>30286<\/a><\/li>\n\n\n\n<li><a>...<\/a><\/li>\n\n\n\n<li><a href='?page_no=31963'>31963<\/a><\/li>\n\n\n\n<li><a href='?page_no=31964'>31964<\/a><\/li>\n\n    \n\t\n\n<li >\n\t<a href='?page_no=30285'>Next<\/a>\n\t<\/li>\n\n\n    \n\n<li><a href='?page_no=31964'>Last &rsaquo;&rsaquo;<\/a><\/li>\n\n<\/ul>\n\n\n--><br \/>\n<\/body><\/p>\n","protected":false},"excerpt":{"rendered":"<p>SANTO DOMINGO, 13 Dic 2010.- La Comisi\u00f3n Interina para la Reconstrucci\u00f3n de Hait\u00ed (CIRH) se reunir\u00e1 este martes en Santo Domingo ante la imprevisible situaci\u00f3n que se vive en el vecino pa\u00eds tras los violentos incidentes desatados la pasada semana, despu\u00e9s de que se conocieran los resultados de las elecciones del 28 de noviembre. La [&hellip;]<\/p>\n","protected":false},"author":3,"featured_media":0,"comment_status":"open","ping_status":"open","sticky":false,"template":"","format":"standard","meta":{"footnotes":""},"categories":[24],"tags":[],"class_list":["post-155116","post","type-post","status-publish","format-standard","hentry","category-justicia-y-derecho"],"_links":{"self":[{"href":"https:\/\/diariodominicano.com\/index.php?rest_route=\/wp\/v2\/posts\/155116","targetHints":{"allow":["GET"]}}],"collection":[{"href":"https:\/\/diariodominicano.com\/index.php?rest_route=\/wp\/v2\/posts"}],"about":[{"href":"https:\/\/diariodominicano.com\/index.php?rest_route=\/wp\/v2\/types\/post"}],"author":[{"embeddable":true,"href":"https:\/\/diariodominicano.com\/index.php?rest_route=\/wp\/v2\/users\/3"}],"replies":[{"embeddable":true,"href":"https:\/\/diariodominicano.com\/index.php?rest_route=%2Fwp%2Fv2%2Fcomments&post=155116"}],"version-history":[{"count":0,"href":"https:\/\/diariodominicano.com\/index.php?rest_route=\/wp\/v2\/posts\/155116\/revisions"}],"wp:attachment":[{"href":"https:\/\/diariodominicano.com\/index.php?rest_route=%2Fwp%2Fv2%2Fmedia&parent=155116"}],"wp:term":[{"taxonomy":"category","embeddable":true,"href":"https:\/\/diariodominicano.com\/index.php?rest_route=%2Fwp%2Fv2%2Fcategories&post=155116"},{"taxonomy":"post_tag","embeddable":true,"href":"https:\/\/diariodominicano.com\/index.php?rest_route=%2Fwp%2Fv2%2Ftags&post=155116"}],"curies":[{"name":"wp","href":"https:\/\/api.w.org\/{rel}","templated":true}]}}