{"id":155115,"date":"2010-12-13T21:27:16","date_gmt":"2010-12-13T21:27:16","guid":{"rendered":"http:\/\/diariodominicano.ddns.net\/?p=155115"},"modified":"2010-12-13T21:27:16","modified_gmt":"2010-12-13T21:27:16","slug":"tribunal-superior-administrativo-decidira-jueves-si-acoge-recurso-4-por-ciento-educacion","status":"publish","type":"post","link":"https:\/\/diariodominicano.com\/?p=155115","title":{"rendered":"Tribunal Superior Administrativo decidir\u00e1 jueves si acoge recurso  4 por ciento  educaci\u00f3n"},"content":{"rendered":"<p><body><\/p>\n<p><img decoding=\"async\" src=\"http:\/\/localhost:8080\/justiciayderecho\/img3\/tri.jpg\" \/><br \/><img decoding=\"async\" src=\"http:\/\/localhost:8080\/justiciayderecho\/img3\/tri.jpg\" \/>  <\/p>\n<\/p>\n<p><span class=\"text1noticias\">Santo Domingo, 13 Dic 2010.-Ser\u00e1 este  martes a la 4:00 de la tarde cuando los jueces del Tribunal Superior Administrativo decidir\u00e1n si acogen el recurso de amparo que busca de que se le d\u00e9 cumplimiento a la ley que ordena invertir el 4% del PIB en la educaci\u00f3n y que esa partida se incluya en el Presupuesto de Ingresos y Ley de Gastos P\u00fablicos del 2011.<\/span><\/p>\n<\/p>\n<p><span class=\"text1noticias\">El tribunal adopt\u00f3 la decisi\u00f3n de reservarse el fallo, luego de escuchar las conclusiones de los abogados de la Coalici\u00f3n Educaci\u00f3n Digna, del Senado, la C\u00e1mara de Diputados y del procurador para asuntos administrativos.<\/span><\/p>\n<\/p>\n<p><span class=\"text1noticias\">Asimismo, los jueces Sarah Henr\u00edquez Mar\u00edn, Judith Contreras Esmurdo y Federico Fern\u00e1ndez, otorgaron un plazo de 12 horas a los abogados del Senado, la C\u00e1mara de Diputados y a la Procuradur\u00eda para que depositen sus conclusiones sobre el amparo al que ha recurrido la referida coalici\u00f3n.<\/span><\/p>\n<\/p>\n<p><span class=\"text1noticias\">Durante la audiencia los abogados de las c\u00e1maras legislativas Jos\u00e9 Napole\u00f3n \u00c1lvarez, Emilio Ortiz Mej\u00eda y Rafael Ceballos, presentaron al tribunal varios incidentes principalmente el que solicita que sea declarado inconstitucional el art\u00edculo 197 de la Ley General de Educaci\u00f3n 66-97, que manda a invertir en el sistema educativo el equivalente a 4 por ciento del PIB.<\/span><\/p>\n<\/p>\n<p><span class=\"text1noticias\">Mientras que los representantes del Ministerio P\u00fablico, C\u00e9sar Antonio Jazm\u00edn y David Betances, plantearon otro incidente donde ped\u00edan al tribunal declarar la inadmisibilidad del recurso de amparo y que se le otorgara un plazo para presentar el escrito ampliatorio de sus conclusiones.<\/span><\/p>\n<\/p>\n<p><span class=\"text1noticias\">De su lado, los abogados de la Coalici\u00f3n Educaci\u00f3n Digna Juan Manuel Pellerano G\u00f3mez, Luis Rivas y Laura Acosta Lora, pidieron al tribunal acoger dicho recurso de amparo, tras alegar que la Constituci\u00f3n, en su art\u00edculo 63, inciso 10, establece que la inversi\u00f3n m\u00ednima en educaci\u00f3n debe ir en orden ?creciente y sostenida?, pero el proyecto de Presupuesto General del 2011 consigna un monto ?creciente?.<\/span><\/p>\n<\/p>\n<p><span class=\"text1noticias\">El Estado destina actualmente 1.9 por ciento al sector educaci\u00f3n. La respuesta gubernamental a la demanda del 4% es reservar el 30 por ciento del excedente en los ingresos presupuestarios que provengan del ejercicio fiscal del a\u00f1o pr\u00f3ximo.<\/span><\/p>\n<\/p>\n<p><span class=\"text1noticias\">La sala donde se llevo a cabo la audiencia se encontraba abarrota de p\u00fablico y afuera decenas de personas portando sombrillas amarillas se manifiestan a favor del 4%.<\/span><\/p>\n<\/p>\n<h6> 2010-12-13 21:27:16 <\/h6>\n<p><!--\n<link rel=\"stylesheet\" href=\"css\/bootstrap.min.css\">\n\n\n<ul class=\"pagination\">\n\t    \n\t\n\n<li >\n\t<a href='?page_no=30282'>Previous<\/a>\n\t<\/li>\n\n\n       \n    \n\n<li><a href='?page_no=1'>1<\/a><\/li>\n\n\n\n<li><a href='?page_no=2'>2<\/a><\/li>\n\n\n\n<li><a>...<\/a><\/li>\n\n\n\n<li><a href='?page_no=30281'>30281<\/a><\/li>\n\n\n\n<li><a href='?page_no=30282'>30282<\/a><\/li>\n\n\n\n<li class='active'><a>30283<\/a><\/li>\n\n\n\n<li><a href='?page_no=30284'>30284<\/a><\/li>\n\n\n\n<li><a href='?page_no=30285'>30285<\/a><\/li>\n\n\n\n<li><a>...<\/a><\/li>\n\n\n\n<li><a href='?page_no=31963'>31963<\/a><\/li>\n\n\n\n<li><a href='?page_no=31964'>31964<\/a><\/li>\n\n    \n\t\n\n<li >\n\t<a href='?page_no=30284'>Next<\/a>\n\t<\/li>\n\n\n    \n\n<li><a href='?page_no=31964'>Last &rsaquo;&rsaquo;<\/a><\/li>\n\n<\/ul>\n\n\n--><br \/>\n<\/body><\/p>\n","protected":false},"excerpt":{"rendered":"<p>Santo Domingo, 13 Dic 2010.-Ser\u00e1 este martes a la 4:00 de la tarde cuando los jueces del Tribunal Superior Administrativo decidir\u00e1n si acogen el recurso de amparo que busca de que se le d\u00e9 cumplimiento a la ley que ordena invertir el 4% del PIB en la educaci\u00f3n y que esa partida se incluya en [&hellip;]<\/p>\n","protected":false},"author":3,"featured_media":0,"comment_status":"open","ping_status":"open","sticky":false,"template":"","format":"standard","meta":{"footnotes":""},"categories":[24],"tags":[],"class_list":["post-155115","post","type-post","status-publish","format-standard","hentry","category-justicia-y-derecho"],"_links":{"self":[{"href":"https:\/\/diariodominicano.com\/index.php?rest_route=\/wp\/v2\/posts\/155115","targetHints":{"allow":["GET"]}}],"collection":[{"href":"https:\/\/diariodominicano.com\/index.php?rest_route=\/wp\/v2\/posts"}],"about":[{"href":"https:\/\/diariodominicano.com\/index.php?rest_route=\/wp\/v2\/types\/post"}],"author":[{"embeddable":true,"href":"https:\/\/diariodominicano.com\/index.php?rest_route=\/wp\/v2\/users\/3"}],"replies":[{"embeddable":true,"href":"https:\/\/diariodominicano.com\/index.php?rest_route=%2Fwp%2Fv2%2Fcomments&post=155115"}],"version-history":[{"count":0,"href":"https:\/\/diariodominicano.com\/index.php?rest_route=\/wp\/v2\/posts\/155115\/revisions"}],"wp:attachment":[{"href":"https:\/\/diariodominicano.com\/index.php?rest_route=%2Fwp%2Fv2%2Fmedia&parent=155115"}],"wp:term":[{"taxonomy":"category","embeddable":true,"href":"https:\/\/diariodominicano.com\/index.php?rest_route=%2Fwp%2Fv2%2Fcategories&post=155115"},{"taxonomy":"post_tag","embeddable":true,"href":"https:\/\/diariodominicano.com\/index.php?rest_route=%2Fwp%2Fv2%2Ftags&post=155115"}],"curies":[{"name":"wp","href":"https:\/\/api.w.org\/{rel}","templated":true}]}}