{"id":155113,"date":"2010-12-14T19:21:59","date_gmt":"2010-12-14T19:21:59","guid":{"rendered":"http:\/\/diariodominicano.ddns.net\/?p=155113"},"modified":"2010-12-14T19:21:59","modified_gmt":"2010-12-14T19:21:59","slug":"policia-desmantela-banda-se-dedicaba-a-asaltar-distribuidores-de-periodicos-de-distintos-medios","status":"publish","type":"post","link":"https:\/\/diariodominicano.com\/?p=155113","title":{"rendered":"Polic\u00eda desmantela banda se dedicaba a asaltar distribuidores de peri\u00f3dicos de distintos medios"},"content":{"rendered":"<p><body><\/p>\n<p><img decoding=\"async\" src=\"http:\/\/localhost:8080\/justiciayderecho\/img3\/Vendedor.jpg\" \/>  <\/p>\n<p><span class=\"text1noticias\">Santo Domingo, 14 Dic 2010.- La Polic\u00eda apres\u00f3 ayer a cuatro presuntos delincuentes, incluyendo dos menores de edad, implicados en m\u00faltiples robos de motocicletas a distribuidores de peri\u00f3dicos de distintos medios de comunicaci\u00f3n, a los que interceptaban en horas de la madrugada para perpetrar sus acciones delictivas.<\/span><\/p>\n<\/p>\n<p><span class=\"text1noticias\">La instituci\u00f3n del orden dijo que los detenidos son Jos\u00e9 Oscar Ad\u00f3n Fern\u00e1ndez, de 24 a\u00f1os, Rafael Salcedo Guill\u00e9n (El Flaco), de 41, y dos menores de 17 a\u00f1os edad, todos residentes en el sector de Villa Consuelo.<\/span><\/p>\n<\/p>\n<p><span class=\"text1noticias\">La Polic\u00eda explic\u00f3 que el arresto se materializ\u00f3 gracias a una ardua labor de inteligencia, que permiti\u00f3 ubicar a los responsables de asaltar a varios distribuidores de peri\u00f3dicos.<\/span><\/p>\n<\/p>\n<p><span class=\"text1noticias\">El apresamiento se produjo luego de que Ad\u00f3n Fern\u00e1ndez despojara de su motor a \u00c1ngel Mar\u00eda Cuevas Encarnaci\u00f3n, de 29 a\u00f1os, durante un atraco en el sector de Villa Consuelo, cuando distribu\u00eda los peri\u00f3dicos en la madrugada.<\/span><\/p>\n<\/p>\n<p><span class=\"text1noticias\">Al ser cuestionado, Cuevas Encarnaci\u00f3n manifest\u00f3 que compro la motocicleta en las calles del Villa Juana a un desconocido.<\/span><\/p>\n<p><span class=\"text1noticias\">Ad\u00f3n Fern\u00e1ndez ha sido sometido en varias ocasiones por robo de motores.<\/span><\/p>\n<\/p>\n<p><span class=\"text1noticias\">Los otros tres hombres fueron detenidos durante la labor de inteligencia encabezada por personal de la Direcci\u00f3n Central de Inteligencia Delictiva (DINTEL), luego de que se descubriera que se  dedicaban a dicha acci\u00f3n delictiva.  <\/span><\/p>\n<\/p>\n<p><span class=\"text1noticias\">Los apresados fueron enviados a la unidad de investigaci\u00f3n de veh\u00edculos robados de Villa Juana conjuntamente con la motocicleta y ser\u00e1n sometidos a la acci\u00f3n de la justicia en las pr\u00f3ximas horas.<\/span><\/p>\n<h6> 2010-12-14 19:21:59 <\/h6>\n<p><!--\n<link rel=\"stylesheet\" href=\"css\/bootstrap.min.css\">\n\n\n<ul class=\"pagination\">\n\t    \n\t\n\n<li >\n\t<a href='?page_no=30280'>Previous<\/a>\n\t<\/li>\n\n\n       \n    \n\n<li><a href='?page_no=1'>1<\/a><\/li>\n\n\n\n<li><a href='?page_no=2'>2<\/a><\/li>\n\n\n\n<li><a>...<\/a><\/li>\n\n\n\n<li><a href='?page_no=30279'>30279<\/a><\/li>\n\n\n\n<li><a href='?page_no=30280'>30280<\/a><\/li>\n\n\n\n<li class='active'><a>30281<\/a><\/li>\n\n\n\n<li><a href='?page_no=30282'>30282<\/a><\/li>\n\n\n\n<li><a href='?page_no=30283'>30283<\/a><\/li>\n\n\n\n<li><a>...<\/a><\/li>\n\n\n\n<li><a href='?page_no=31963'>31963<\/a><\/li>\n\n\n\n<li><a href='?page_no=31964'>31964<\/a><\/li>\n\n    \n\t\n\n<li >\n\t<a href='?page_no=30282'>Next<\/a>\n\t<\/li>\n\n\n    \n\n<li><a href='?page_no=31964'>Last &rsaquo;&rsaquo;<\/a><\/li>\n\n<\/ul>\n\n\n--><br \/>\n<\/body><\/p>\n","protected":false},"excerpt":{"rendered":"<p>Santo Domingo, 14 Dic 2010.- La Polic\u00eda apres\u00f3 ayer a cuatro presuntos delincuentes, incluyendo dos menores de edad, implicados en m\u00faltiples robos de motocicletas a distribuidores de peri\u00f3dicos de distintos medios de comunicaci\u00f3n, a los que interceptaban en horas de la madrugada para perpetrar sus acciones delictivas. La instituci\u00f3n del orden dijo que los detenidos [&hellip;]<\/p>\n","protected":false},"author":3,"featured_media":0,"comment_status":"open","ping_status":"open","sticky":false,"template":"","format":"standard","meta":{"footnotes":""},"categories":[24],"tags":[],"class_list":["post-155113","post","type-post","status-publish","format-standard","hentry","category-justicia-y-derecho"],"_links":{"self":[{"href":"https:\/\/diariodominicano.com\/index.php?rest_route=\/wp\/v2\/posts\/155113","targetHints":{"allow":["GET"]}}],"collection":[{"href":"https:\/\/diariodominicano.com\/index.php?rest_route=\/wp\/v2\/posts"}],"about":[{"href":"https:\/\/diariodominicano.com\/index.php?rest_route=\/wp\/v2\/types\/post"}],"author":[{"embeddable":true,"href":"https:\/\/diariodominicano.com\/index.php?rest_route=\/wp\/v2\/users\/3"}],"replies":[{"embeddable":true,"href":"https:\/\/diariodominicano.com\/index.php?rest_route=%2Fwp%2Fv2%2Fcomments&post=155113"}],"version-history":[{"count":0,"href":"https:\/\/diariodominicano.com\/index.php?rest_route=\/wp\/v2\/posts\/155113\/revisions"}],"wp:attachment":[{"href":"https:\/\/diariodominicano.com\/index.php?rest_route=%2Fwp%2Fv2%2Fmedia&parent=155113"}],"wp:term":[{"taxonomy":"category","embeddable":true,"href":"https:\/\/diariodominicano.com\/index.php?rest_route=%2Fwp%2Fv2%2Fcategories&post=155113"},{"taxonomy":"post_tag","embeddable":true,"href":"https:\/\/diariodominicano.com\/index.php?rest_route=%2Fwp%2Fv2%2Ftags&post=155113"}],"curies":[{"name":"wp","href":"https:\/\/api.w.org\/{rel}","templated":true}]}}