{"id":155112,"date":"2010-12-14T20:30:53","date_gmt":"2010-12-14T20:30:53","guid":{"rendered":"http:\/\/diariodominicano.ddns.net\/?p=155112"},"modified":"2010-12-14T20:30:53","modified_gmt":"2010-12-14T20:30:53","slug":"suprema-se-reserva-fallo-sobre-caso-de-juez-mejia-angomas","status":"publish","type":"post","link":"https:\/\/diariodominicano.com\/?p=155112","title":{"rendered":"Suprema se reserva fallo sobre caso de juez Mej\u00eda Angom\u00e1s"},"content":{"rendered":"<p><body><\/p>\n<p><img decoding=\"async\" src=\"http:\/\/localhost:8080\/justiciayderecho\/img3\/Palacio de justicia SC.jpg\" \/>  <\/p>\n<\/p>\n<p><span class=\"text1noticias\">Santo Domingo, 14 Dic 2010.-El Pleno de la Suprema Corte de Justicia se reserv\u00f3 hoy el fallo  sobre un incidente presentado por la defensa del Juez suspendido de la Ejecuci\u00f3n de la Pena de San Crist\u00f3bal, Francisco Mej\u00eda Angom\u00e1s, que busca el proceso en su contra sea declarado nulo. <\/span><\/p>\n<\/p>\n<p><span class=\"text1noticias\">El  magistrado Rafael Luciano Pichardo, fij\u00f3 la lectura del fallo para el pr\u00f3ximo 7 de febrero, a las nueve de la ma\u00f1ana, ordenando la citaci\u00f3n de los testigos y de la parte envuelta en el proceso. <\/span><\/p>\n<\/p>\n<p><span class=\"text1noticias\">Los abogados de Mej\u00eda Angom\u00e1s, Pedro Duarte Canaan y Delf\u00edn Rodr\u00edguez, pidieron al Pleno de la Suprema declarar nulo el proceso disciplinario seguido a su defendido bajo el alegato de que el ministerio p\u00fablico no hizo una formulaci\u00f3n precisa de cargos en contra de su cliente por lo que entiende el sometimiento debe ser declarado inadmisible.<\/span><\/p>\n<\/p>\n<p><span class=\"text1noticias\">De su lado, el Procurador Adjunto, Idelfonso Reyes, pidi\u00f3 al alto tribunal rechazar el pedimento de la defensa del juez suspendido argumentado que se le est\u00e1 juzgando con relaci\u00f3n a los mismos documentos que \u00e9l aport\u00f3 y que no se le han violado sus derechos de defensa por lo que entiende que su pedimento debe ser rechazado.<\/span><\/p>\n<\/p>\n<p><span class=\"text1noticias\">En tanto que Mej\u00eda Angom\u00e1s dijo sentirse esperanzado de que el pleno de la Suprema acoja el pedimento y anule el proceso seguido en su contra en torno a la puesta en libertad de tres personas condenadas a diez a\u00f1os de prisi\u00f3n por narcotr\u00e1fico.<\/span><\/p>\n<\/p>\n<p><span class=\"text1noticias\"> El juicio fue llevado a puertas abiertas al p\u00fablico y al lugar asistieron  miembros del Patronato Penitenciario para darle apoyo al magistrado suspendido.<\/span><\/p>\n<\/p>\n<h6> 2010-12-14 20:30:53 <\/h6>\n<p><!--\n<link rel=\"stylesheet\" href=\"css\/bootstrap.min.css\">\n\n\n<ul class=\"pagination\">\n\t    \n\t\n\n<li >\n\t<a href='?page_no=30279'>Previous<\/a>\n\t<\/li>\n\n\n       \n    \n\n<li><a href='?page_no=1'>1<\/a><\/li>\n\n\n\n<li><a href='?page_no=2'>2<\/a><\/li>\n\n\n\n<li><a>...<\/a><\/li>\n\n\n\n<li><a href='?page_no=30278'>30278<\/a><\/li>\n\n\n\n<li><a href='?page_no=30279'>30279<\/a><\/li>\n\n\n\n<li class='active'><a>30280<\/a><\/li>\n\n\n\n<li><a href='?page_no=30281'>30281<\/a><\/li>\n\n\n\n<li><a href='?page_no=30282'>30282<\/a><\/li>\n\n\n\n<li><a>...<\/a><\/li>\n\n\n\n<li><a href='?page_no=31963'>31963<\/a><\/li>\n\n\n\n<li><a href='?page_no=31964'>31964<\/a><\/li>\n\n    \n\t\n\n<li >\n\t<a href='?page_no=30281'>Next<\/a>\n\t<\/li>\n\n\n    \n\n<li><a href='?page_no=31964'>Last &rsaquo;&rsaquo;<\/a><\/li>\n\n<\/ul>\n\n\n--><br \/>\n<\/body><\/p>\n","protected":false},"excerpt":{"rendered":"<p>Santo Domingo, 14 Dic 2010.-El Pleno de la Suprema Corte de Justicia se reserv\u00f3 hoy el fallo sobre un incidente presentado por la defensa del Juez suspendido de la Ejecuci\u00f3n de la Pena de San Crist\u00f3bal, Francisco Mej\u00eda Angom\u00e1s, que busca el proceso en su contra sea declarado nulo. El magistrado Rafael Luciano Pichardo, fij\u00f3 [&hellip;]<\/p>\n","protected":false},"author":3,"featured_media":0,"comment_status":"open","ping_status":"open","sticky":false,"template":"","format":"standard","meta":{"footnotes":""},"categories":[24],"tags":[],"class_list":["post-155112","post","type-post","status-publish","format-standard","hentry","category-justicia-y-derecho"],"_links":{"self":[{"href":"https:\/\/diariodominicano.com\/index.php?rest_route=\/wp\/v2\/posts\/155112","targetHints":{"allow":["GET"]}}],"collection":[{"href":"https:\/\/diariodominicano.com\/index.php?rest_route=\/wp\/v2\/posts"}],"about":[{"href":"https:\/\/diariodominicano.com\/index.php?rest_route=\/wp\/v2\/types\/post"}],"author":[{"embeddable":true,"href":"https:\/\/diariodominicano.com\/index.php?rest_route=\/wp\/v2\/users\/3"}],"replies":[{"embeddable":true,"href":"https:\/\/diariodominicano.com\/index.php?rest_route=%2Fwp%2Fv2%2Fcomments&post=155112"}],"version-history":[{"count":0,"href":"https:\/\/diariodominicano.com\/index.php?rest_route=\/wp\/v2\/posts\/155112\/revisions"}],"wp:attachment":[{"href":"https:\/\/diariodominicano.com\/index.php?rest_route=%2Fwp%2Fv2%2Fmedia&parent=155112"}],"wp:term":[{"taxonomy":"category","embeddable":true,"href":"https:\/\/diariodominicano.com\/index.php?rest_route=%2Fwp%2Fv2%2Fcategories&post=155112"},{"taxonomy":"post_tag","embeddable":true,"href":"https:\/\/diariodominicano.com\/index.php?rest_route=%2Fwp%2Fv2%2Ftags&post=155112"}],"curies":[{"name":"wp","href":"https:\/\/api.w.org\/{rel}","templated":true}]}}