{"id":155111,"date":"2010-12-14T20:38:53","date_gmt":"2010-12-14T20:38:53","guid":{"rendered":"http:\/\/diariodominicano.ddns.net\/?p=155111"},"modified":"2010-12-14T20:38:53","modified_gmt":"2010-12-14T20:38:53","slug":"procurador-favorece-retiro-de-escoltas-a-funcionarios","status":"publish","type":"post","link":"https:\/\/diariodominicano.com\/?p=155111","title":{"rendered":"Procurador   favorece  retiro de escoltas a funcionarios"},"content":{"rendered":"<p><body><\/p>\n<p><img decoding=\"async\" src=\"http:\/\/localhost:8080\/justiciayderecho\/img3\/radame p.jpg\" \/>  <\/p>\n<\/p>\n<p><span class=\"text1noticias\">Santo Domingo, 14 Dic 2010.-El procurador general de la Rep\u00fablica, Radham\u00e9s Jim\u00e9nez Pe\u00f1a, dijo que favorece el retiro de las escoltas a funcionarios del gobierno que no la necesiten.<\/span><\/p>\n<\/p>\n<p><span class=\"text1noticias\">Dijo que la medida debe ser adoptada, sobre todo para los funcionarios que tienen agentes policiales asignados, ya que pueden ser utilizados para prestar servicios como prevenci\u00f3n de la delincuencia.<\/span><\/p>\n<\/p>\n<p><span class=\"text1noticias\">Destac\u00f3 que esos agentes que trabajan con los funcionarios no est\u00e1n ejerciendo ninguna labor que tenga que ver con la seguridad, por lo que comparten el criterio de ministro de Interior y Polic\u00eda, Franklin Almeyda Rancier.<\/span><\/p>\n<\/p>\n<p><span class=\"text1noticias\">A\u00f1adi\u00f3  que la Unidad de Lavado de Activos de la Procuradur\u00eda ha recaudado m\u00e1s de mil millones de pesos por esa v\u00eda.<\/span><\/p>\n<\/p>\n<p><span class=\"text1noticias\">Apunt\u00f3 que es un gran paso de avance y que las investigaciones penales sobre ese aspecto han adelantado para perseguir el crimen organizado.<\/span><\/p>\n<\/p>\n<p><span class=\"text1noticias\">Explic\u00f3 que es de conocimiento que cada vez hay m\u00e1s impunidad en delitos como el narcotr\u00e1fico y lavado de activos, por lo que hay que hacer un esfuerzo para que esos hechos no queden impunes.<\/span><\/p>\n<\/p>\n<p><span class=\"text1noticias\">El procurador habl\u00f3 en esos t\u00e9rminos luego de participar en un encuentro navide\u00f1o realizado por la Unidad de Lavado de Activos con los periodistas que cubren la fuente judicial.<\/span><\/p>\n<\/p>\n<h6> 2010-12-14 20:38:53 <\/h6>\n<p><!--\n<link rel=\"stylesheet\" href=\"css\/bootstrap.min.css\">\n\n\n<ul class=\"pagination\">\n\t    \n\t\n\n<li >\n\t<a href='?page_no=30278'>Previous<\/a>\n\t<\/li>\n\n\n       \n    \n\n<li><a href='?page_no=1'>1<\/a><\/li>\n\n\n\n<li><a href='?page_no=2'>2<\/a><\/li>\n\n\n\n<li><a>...<\/a><\/li>\n\n\n\n<li><a href='?page_no=30277'>30277<\/a><\/li>\n\n\n\n<li><a href='?page_no=30278'>30278<\/a><\/li>\n\n\n\n<li class='active'><a>30279<\/a><\/li>\n\n\n\n<li><a href='?page_no=30280'>30280<\/a><\/li>\n\n\n\n<li><a href='?page_no=30281'>30281<\/a><\/li>\n\n\n\n<li><a>...<\/a><\/li>\n\n\n\n<li><a href='?page_no=31963'>31963<\/a><\/li>\n\n\n\n<li><a href='?page_no=31964'>31964<\/a><\/li>\n\n    \n\t\n\n<li >\n\t<a href='?page_no=30280'>Next<\/a>\n\t<\/li>\n\n\n    \n\n<li><a href='?page_no=31964'>Last &rsaquo;&rsaquo;<\/a><\/li>\n\n<\/ul>\n\n\n--><br \/>\n<\/body><\/p>\n","protected":false},"excerpt":{"rendered":"<p>Santo Domingo, 14 Dic 2010.-El procurador general de la Rep\u00fablica, Radham\u00e9s Jim\u00e9nez Pe\u00f1a, dijo que favorece el retiro de las escoltas a funcionarios del gobierno que no la necesiten. Dijo que la medida debe ser adoptada, sobre todo para los funcionarios que tienen agentes policiales asignados, ya que pueden ser utilizados para prestar servicios como [&hellip;]<\/p>\n","protected":false},"author":3,"featured_media":0,"comment_status":"open","ping_status":"open","sticky":false,"template":"","format":"standard","meta":{"footnotes":""},"categories":[24],"tags":[],"class_list":["post-155111","post","type-post","status-publish","format-standard","hentry","category-justicia-y-derecho"],"_links":{"self":[{"href":"https:\/\/diariodominicano.com\/index.php?rest_route=\/wp\/v2\/posts\/155111","targetHints":{"allow":["GET"]}}],"collection":[{"href":"https:\/\/diariodominicano.com\/index.php?rest_route=\/wp\/v2\/posts"}],"about":[{"href":"https:\/\/diariodominicano.com\/index.php?rest_route=\/wp\/v2\/types\/post"}],"author":[{"embeddable":true,"href":"https:\/\/diariodominicano.com\/index.php?rest_route=\/wp\/v2\/users\/3"}],"replies":[{"embeddable":true,"href":"https:\/\/diariodominicano.com\/index.php?rest_route=%2Fwp%2Fv2%2Fcomments&post=155111"}],"version-history":[{"count":0,"href":"https:\/\/diariodominicano.com\/index.php?rest_route=\/wp\/v2\/posts\/155111\/revisions"}],"wp:attachment":[{"href":"https:\/\/diariodominicano.com\/index.php?rest_route=%2Fwp%2Fv2%2Fmedia&parent=155111"}],"wp:term":[{"taxonomy":"category","embeddable":true,"href":"https:\/\/diariodominicano.com\/index.php?rest_route=%2Fwp%2Fv2%2Fcategories&post=155111"},{"taxonomy":"post_tag","embeddable":true,"href":"https:\/\/diariodominicano.com\/index.php?rest_route=%2Fwp%2Fv2%2Ftags&post=155111"}],"curies":[{"name":"wp","href":"https:\/\/api.w.org\/{rel}","templated":true}]}}