{"id":155105,"date":"2010-12-14T21:55:45","date_gmt":"2010-12-14T21:55:45","guid":{"rendered":"http:\/\/diariodominicano.ddns.net\/?p=155105"},"modified":"2010-12-14T21:55:45","modified_gmt":"2010-12-14T21:55:45","slug":"participacion-ciudadana-pide-a-euclides-ofrezca-explicaciones-sobre-irregularidades","status":"publish","type":"post","link":"https:\/\/diariodominicano.com\/?p=155105","title":{"rendered":"Participaci\u00f3n Ciudadana pide a Euclides ofrezca explicaciones sobre irregularidades"},"content":{"rendered":"<p><body><\/p>\n<p><img decoding=\"async\" src=\"img3\/euclides.jpg\" \/>  <\/p>\n<p><span class=\"text1noticias\">Santo Domingo, 14 Dic 2010.-El Consejo Nacional de Participaci\u00f3n Ciudadana informa que a pesar de que no hay fondos suficientes para educaci\u00f3n p\u00fablica, el se\u00f1or Euclides Guti\u00e9rrez F\u00e9lix contin\u00faa gastando recursos p\u00fablicos en espacios pagados, sin terminar de cumplir su responsabilidad de ofrecer explicaciones al pa\u00eds sobre las denuncias presentadas recientemente en el programa.<\/span><\/p>\n<\/p>\n<p><span class=\"text1noticias\">Agrega que El Informe, de la periodista Alicia Ortega. PC indica que en la nueva publicaci\u00f3n a p\u00e1gina entera, Guti\u00e9rrez Feliz, omite la respuesta a la solicitud realizada por Participaci\u00f3n Ciudadana a trav\u00e9s de un acto de alguacil recibido por la Superintendencia, en el que se le pide explicaci\u00f3n y se le se\u00f1alan todas las pruebas de una serie de irregularidades administrativas, y se insta a estas entidades p\u00fablicas a realizar una minuciosa investigaci\u00f3n de los hechos denunciados dentro del marco de sus respectivas competencias.<\/span><\/p>\n<\/p>\n<p><span class=\"text1noticias\">Dice que este acto de alguacil tambi\u00e9n fue notificado al Departamento de Persecuci\u00f3n de la Corrupci\u00f3n Administrativa (DPCA), a la C\u00e1mara de Cuentas de la Rep\u00fablica Dominicana  y a la Contralor\u00eda General de la Rep\u00fablica. <\/span><\/p>\n<\/p>\n<p><span class=\"text1noticias\">A\u00f1adi\u00f3 que parte de estas irregularidades fueron denunciadas por la periodista Alicia Ortega y que se encuentran disponibles en el portal de nuestra organizaci\u00f3n<\/span><\/p>\n<p><span class=\"text1noticias\">http:\/\/www.pciudadana.org\/detalle\/informacion\/inventario_de_documentos_recurso_de_amparo-35.<\/span><\/p>\n<p><span class=\"text1noticias\">El Consejo Nacional de PC agreg\u00f3 el se\u00f1or Guti\u00e9rrez F\u00e9lix tampoco ha respondido al emplazamiento realizado por Participaci\u00f3n Ciudadana en el acto de alguacil del cual fue notificado, en el sentido de que es a \u00e9l a qui\u00e9n le corresponde explicar ante las autoridades y el pa\u00eds la forma en que utiliza las tarjetas de cr\u00e9dito de la entidad que dirige, la forma en que asigna veh\u00edculos, por qu\u00e9 se viola la Ley de 340\/06 de Compras y Contrataciones de Bienes y Servicios P\u00fablicos, por qu\u00e9 en un solo a\u00f1o se dispone de m\u00e1s de treinta y cinco millones de pesos para \u00abAyudas y Donaciones a personas\u00bb y otras irregularidades que podr\u00e1n ser comprobadas en la p\u00e1gina web de Participaci\u00f3n Ciudadana.<\/span><\/p>\n<\/p>\n<p><span class=\"text1noticias\">Participaci\u00f3n Ciudadana reitera su compromiso con la transparencia y desea dejar constancia expresa de que \u00abno claudicar\u00e1 ante los esfuerzos por amordazarla\u00bb, por lo que seguir\u00e1 reclamando a los funcionarios p\u00fablicos, sin importar su militancia partidista, que rindan cuentas de sus actuaciones ante el \u00fanico soberano, que es el pueblo dominicano.<\/span><\/p>\n<h6> 2010-12-14 21:55:45 <\/h6>\n<p><!--\n<link rel=\"stylesheet\" href=\"css\/bootstrap.min.css\">\n\n\n<ul class=\"pagination\">\n\t    \n\t\n\n<li >\n\t<a href='?page_no=30272'>Previous<\/a>\n\t<\/li>\n\n\n       \n    \n\n<li><a href='?page_no=1'>1<\/a><\/li>\n\n\n\n<li><a href='?page_no=2'>2<\/a><\/li>\n\n\n\n<li><a>...<\/a><\/li>\n\n\n\n<li><a href='?page_no=30271'>30271<\/a><\/li>\n\n\n\n<li><a href='?page_no=30272'>30272<\/a><\/li>\n\n\n\n<li class='active'><a>30273<\/a><\/li>\n\n\n\n<li><a href='?page_no=30274'>30274<\/a><\/li>\n\n\n\n<li><a href='?page_no=30275'>30275<\/a><\/li>\n\n\n\n<li><a>...<\/a><\/li>\n\n\n\n<li><a href='?page_no=31963'>31963<\/a><\/li>\n\n\n\n<li><a href='?page_no=31964'>31964<\/a><\/li>\n\n    \n\t\n\n<li >\n\t<a href='?page_no=30274'>Next<\/a>\n\t<\/li>\n\n\n    \n\n<li><a href='?page_no=31964'>Last &rsaquo;&rsaquo;<\/a><\/li>\n\n<\/ul>\n\n\n--><br \/>\n<\/body><\/p>\n","protected":false},"excerpt":{"rendered":"<p>Santo Domingo, 14 Dic 2010.-El Consejo Nacional de Participaci\u00f3n Ciudadana informa que a pesar de que no hay fondos suficientes para educaci\u00f3n p\u00fablica, el se\u00f1or Euclides Guti\u00e9rrez F\u00e9lix contin\u00faa gastando recursos p\u00fablicos en espacios pagados, sin terminar de cumplir su responsabilidad de ofrecer explicaciones al pa\u00eds sobre las denuncias presentadas recientemente en el programa. Agrega [&hellip;]<\/p>\n","protected":false},"author":3,"featured_media":0,"comment_status":"open","ping_status":"open","sticky":false,"template":"","format":"standard","meta":{"footnotes":""},"categories":[24],"tags":[],"class_list":["post-155105","post","type-post","status-publish","format-standard","hentry","category-justicia-y-derecho"],"_links":{"self":[{"href":"https:\/\/diariodominicano.com\/index.php?rest_route=\/wp\/v2\/posts\/155105","targetHints":{"allow":["GET"]}}],"collection":[{"href":"https:\/\/diariodominicano.com\/index.php?rest_route=\/wp\/v2\/posts"}],"about":[{"href":"https:\/\/diariodominicano.com\/index.php?rest_route=\/wp\/v2\/types\/post"}],"author":[{"embeddable":true,"href":"https:\/\/diariodominicano.com\/index.php?rest_route=\/wp\/v2\/users\/3"}],"replies":[{"embeddable":true,"href":"https:\/\/diariodominicano.com\/index.php?rest_route=%2Fwp%2Fv2%2Fcomments&post=155105"}],"version-history":[{"count":0,"href":"https:\/\/diariodominicano.com\/index.php?rest_route=\/wp\/v2\/posts\/155105\/revisions"}],"wp:attachment":[{"href":"https:\/\/diariodominicano.com\/index.php?rest_route=%2Fwp%2Fv2%2Fmedia&parent=155105"}],"wp:term":[{"taxonomy":"category","embeddable":true,"href":"https:\/\/diariodominicano.com\/index.php?rest_route=%2Fwp%2Fv2%2Fcategories&post=155105"},{"taxonomy":"post_tag","embeddable":true,"href":"https:\/\/diariodominicano.com\/index.php?rest_route=%2Fwp%2Fv2%2Ftags&post=155105"}],"curies":[{"name":"wp","href":"https:\/\/api.w.org\/{rel}","templated":true}]}}