{"id":155102,"date":"2010-12-14T22:30:52","date_gmt":"2010-12-14T22:30:52","guid":{"rendered":"http:\/\/diariodominicano.ddns.net\/?p=155102"},"modified":"2010-12-14T22:30:52","modified_gmt":"2010-12-14T22:30:52","slug":"correa-visita-junto-a-chavez-a-damnificados-venezolanos","status":"publish","type":"post","link":"https:\/\/diariodominicano.com\/?p=155102","title":{"rendered":"Correa visita junto a Ch\u00e1vez a damnificados venezolanos"},"content":{"rendered":"<p><body><\/p>\n<p><img decoding=\"async\" src=\"img3\/chavez.jpg\" \/>  <\/p>\n<p><span class=\"text1noticias\">Caracas, 14 dic (PL) El presidente de Ecuador, Rafael Correa, visit\u00f3 hoy junto a su par venezolano, Hugo ch\u00e1vez, a los damnificados por las lluvias que se encuentran refugiados en el Fuerte Tiuna, en esta capital.<\/span><\/p>\n<\/p>\n<p><span class=\"text1noticias\">El pueblo venezolano puede contar con Ecuador, afirm\u00f3 Correa.<\/span><\/p>\n<\/p>\n<p><span class=\"text1noticias\">Correa se interes\u00f3 por las condiciones de los afectados por las precipitaciones que suman ya 133 mil, quienes se encuentran alojados en albergues habilitados por el gobierno.<\/span><\/p>\n<\/p>\n<p><span class=\"text1noticias\">El dignatario ecuatoriano agradeci\u00f3 la ayuda solidaria dada por Venezuela en el \u00e1rea de la salud a trav\u00e9s de la Misi\u00f3n Milagro, que le ha devuelto la vista a cientos de ecuatorianos; o en momentos dif\u00edciles como la \u00faltima sequ\u00eda.<\/span><\/p>\n<\/p>\n<p><span class=\"text1noticias\">Reiter\u00f3 que Ecuador siente como suyos los problemas de los pueblos venezolano y colombiano, ambos afectados por las recientes precipitaciones.<\/span><\/p>\n<\/p>\n<p><span class=\"text1noticias\">Confirm\u00f3 que ma\u00f1ana viajar\u00e1 a Colombia para solidarizarse con esa naci\u00f3n que sufre los embates de un temporal que dej\u00f3 m\u00e1s de 200 muertos y m\u00e1s de un mill\u00f3n y medio de afectados.<\/span><\/p>\n<\/p>\n<p><span class=\"text1noticias\">Durante su recorrido por esta instalaci\u00f3n militar, Ch\u00e1vez destac\u00f3 el aniversario seis del nacimiento de la Alianza Bolivariana para los Pueblos de Nuestra Am\u00e9rica (ALBA).<\/span><\/p>\n<\/p>\n<p><span class=\"text1noticias\">Resalt\u00f3 que en medio de esta tragedia zarparon dos barcos de pesca de jurel tripulados por cubanos y venezolanos. Ambas naves pertenecen a la Pesquera Industrial del ALBA, empresa mixta socialista del mecanismo solidario.<\/span><\/p>\n<h6> 2010-12-14 22:30:52 <\/h6>\n<p><!--\n<link rel=\"stylesheet\" href=\"css\/bootstrap.min.css\">\n\n\n<ul class=\"pagination\">\n\t    \n\t\n\n<li >\n\t<a href='?page_no=30269'>Previous<\/a>\n\t<\/li>\n\n\n       \n    \n\n<li><a href='?page_no=1'>1<\/a><\/li>\n\n\n\n<li><a href='?page_no=2'>2<\/a><\/li>\n\n\n\n<li><a>...<\/a><\/li>\n\n\n\n<li><a href='?page_no=30268'>30268<\/a><\/li>\n\n\n\n<li><a href='?page_no=30269'>30269<\/a><\/li>\n\n\n\n<li class='active'><a>30270<\/a><\/li>\n\n\n\n<li><a href='?page_no=30271'>30271<\/a><\/li>\n\n\n\n<li><a href='?page_no=30272'>30272<\/a><\/li>\n\n\n\n<li><a>...<\/a><\/li>\n\n\n\n<li><a href='?page_no=31963'>31963<\/a><\/li>\n\n\n\n<li><a href='?page_no=31964'>31964<\/a><\/li>\n\n    \n\t\n\n<li >\n\t<a href='?page_no=30271'>Next<\/a>\n\t<\/li>\n\n\n    \n\n<li><a href='?page_no=31964'>Last &rsaquo;&rsaquo;<\/a><\/li>\n\n<\/ul>\n\n\n--><br \/>\n<\/body><\/p>\n","protected":false},"excerpt":{"rendered":"<p>Caracas, 14 dic (PL) El presidente de Ecuador, Rafael Correa, visit\u00f3 hoy junto a su par venezolano, Hugo ch\u00e1vez, a los damnificados por las lluvias que se encuentran refugiados en el Fuerte Tiuna, en esta capital. El pueblo venezolano puede contar con Ecuador, afirm\u00f3 Correa. Correa se interes\u00f3 por las condiciones de los afectados por [&hellip;]<\/p>\n","protected":false},"author":3,"featured_media":0,"comment_status":"open","ping_status":"open","sticky":false,"template":"","format":"standard","meta":{"footnotes":""},"categories":[24],"tags":[],"class_list":["post-155102","post","type-post","status-publish","format-standard","hentry","category-justicia-y-derecho"],"_links":{"self":[{"href":"https:\/\/diariodominicano.com\/index.php?rest_route=\/wp\/v2\/posts\/155102","targetHints":{"allow":["GET"]}}],"collection":[{"href":"https:\/\/diariodominicano.com\/index.php?rest_route=\/wp\/v2\/posts"}],"about":[{"href":"https:\/\/diariodominicano.com\/index.php?rest_route=\/wp\/v2\/types\/post"}],"author":[{"embeddable":true,"href":"https:\/\/diariodominicano.com\/index.php?rest_route=\/wp\/v2\/users\/3"}],"replies":[{"embeddable":true,"href":"https:\/\/diariodominicano.com\/index.php?rest_route=%2Fwp%2Fv2%2Fcomments&post=155102"}],"version-history":[{"count":0,"href":"https:\/\/diariodominicano.com\/index.php?rest_route=\/wp\/v2\/posts\/155102\/revisions"}],"wp:attachment":[{"href":"https:\/\/diariodominicano.com\/index.php?rest_route=%2Fwp%2Fv2%2Fmedia&parent=155102"}],"wp:term":[{"taxonomy":"category","embeddable":true,"href":"https:\/\/diariodominicano.com\/index.php?rest_route=%2Fwp%2Fv2%2Fcategories&post=155102"},{"taxonomy":"post_tag","embeddable":true,"href":"https:\/\/diariodominicano.com\/index.php?rest_route=%2Fwp%2Fv2%2Ftags&post=155102"}],"curies":[{"name":"wp","href":"https:\/\/api.w.org\/{rel}","templated":true}]}}