{"id":155101,"date":"2010-12-15T12:57:28","date_gmt":"2010-12-15T12:57:28","guid":{"rendered":"http:\/\/diariodominicano.ddns.net\/?p=155101"},"modified":"2010-12-15T12:57:28","modified_gmt":"2010-12-15T12:57:28","slug":"presidente-fernandez-dice-haiti-enfrenta-tres-desafios-que-deben-ser-superados-con-la-ayuda-de-las-demas-naciones","status":"publish","type":"post","link":"https:\/\/diariodominicano.com\/?p=155101","title":{"rendered":"Presidente Fern\u00e1ndez dice Hait\u00ed enfrenta tres desaf\u00edos que deben ser superados con la ayuda de las dem\u00e1s naciones"},"content":{"rendered":"<p><body><\/p>\n<p><img decoding=\"async\" src=\"http:\/\/localhost:8080\/justiciayderecho\/img3\/Leonel-Clinton Coms Reconst Haiti 2.JPG\" \/><br \/><img decoding=\"async\" src=\"http:\/\/localhost:8080\/justiciayderecho\/img3\/Comision Reconstr Haiti 2.JPG\" \/><br \/><img decoding=\"async\" src=\"http:\/\/localhost:8080\/justiciayderecho\/img3\/Comision Reconstr Haiti 2.JPG\" \/>  <\/p>\n<p><span class=\"text1noticias\">Santo Domingo, 15 dic 2010.-  El presidente Leonel Fern\u00e1ndez asegur\u00f3 este martes que Hait\u00ed tiene tres grandes desaf\u00edos que con la ayuda de la comunidad internacional y el pueblo haitiano en general, esa naci\u00f3n podr\u00eda superarlos.<\/span><\/p>\n<\/p>\n<p><span class=\"text1noticias\">En ese sentido, cit\u00f3 que la estabilizaci\u00f3n pol\u00edtica, el c\u00f3lera y el desarrollo econ\u00f3mico son los retos que tiene por delante la vecina naci\u00f3n.<\/span><\/p>\n<\/p>\n<p><span class=\"text1noticias\">?Pero creo que con el mejor esfuerzo de todos y con la cooperaci\u00f3n del pueblo haitiano y dominicano, nosotros podemos vencer todos estos grades desaf\u00edos?, manifest\u00f3 el primer mandatario al participar en la reuni\u00f3n de la Comisi\u00f3n Interina para la Reconstrucci\u00f3n de Hait\u00ed (CIRH), encabezada por el ex presidente Bill Clinton.<\/span><\/p>\n<\/p>\n<p><span class=\"text1noticias\">En ese orden, dijo que es interesante saber el resultado final de las elecciones haitianas, porque para que Hait\u00ed pueda desarrollarse es importante que tenga estabilidad democr\u00e1tica y pol\u00edtica.<\/span><\/p>\n<\/p>\n<p><span class=\"text1noticias\">El presidente Fern\u00e1ndez indic\u00f3 que para lograr mejorar la situaci\u00f3n pol\u00edtica, es imprescindible que los resultados de los comicios electorales de esa naci\u00f3n sean leg\u00edtimos y legitimizados, adem\u00e1s, deber\u00e1n tener el apoyo no s\u00f3lo de la comunidad internacional, sino del pueblo haitiano.<\/span><\/p>\n<\/p>\n<p><span class=\"text1noticias\"> \u00abTambi\u00e9n es importante, desde luego, evitar el reto y el desaf\u00edo de salud que tiene Hait\u00ed que enfrentar con el c\u00f3lera en estos momentos, que ha estado expandi\u00e9ndose, aunque de manera controlada, en la Rep\u00fablica Dominicana?, precis\u00f3 el mandatario al darle la bienvenida a la Comisi\u00f3n Interina.<\/span><\/p>\n<\/p>\n<p><span class=\"text1noticias\"> Indic\u00f3 que lidiar con los resultados electorales, como la parte de salud, como del desarrollo econ\u00f3mico, son desaf\u00edos exigentes y sobrecogedores. Se mostr\u00f3 esperanzado en que la comunidad internacional cumpla con sus promesas.<\/span><\/p>\n<\/p>\n<p><span class=\"text1noticias\">Explic\u00f3 que en la recepci\u00f3n de los recursos que se necesitan para la recuperaci\u00f3n de Hait\u00ed, el proceso ha sido lento, y adelant\u00f3 que ?nosotros esperamos que con la soluci\u00f3n final del proceso electoral y con la instalaci\u00f3n de las debidas autoridades en Hait\u00ed, y que la comunidad internacional pueda trabajar en conjunto con estas nuevas autoridades en el cumplimiento de sus promesas?.<\/span><\/p>\n<\/p>\n<p><span class=\"text1noticias\">De su lado, el ex presidente de los Estados Unidos, Bill Clinton, valor\u00f3 la manera en que el doctor Fern\u00e1ndez sirvi\u00f3 de anfitri\u00f3n a los donantes internacionales y por el env\u00edo de los cien camiones para remover los escombros en Hait\u00ed, luego del terremoto que sacudi\u00f3 a ese pa\u00eds a principio de este a\u00f1o, adem\u00e1s, por ayudar a manejar el problema del c\u00f3lera.<\/span><\/p>\n<\/p>\n<p><span class=\"text1noticias\">?Ha sido un esfuerzo memorable?, se\u00f1al\u00f3 Clinton durante la reuni\u00f3n en la que intervinieron el director ejecutivo de la Comisi\u00f3n, Gabriel Veret y el representante del CARICOM, Percival James Patterson<\/span>.<\/p>\n<\/p>\n<\/p>\n<h6> 2010-12-15 12:57:28 <\/h6>\n<p><!--\n<link rel=\"stylesheet\" href=\"css\/bootstrap.min.css\">\n\n\n<ul class=\"pagination\">\n\t    \n\t\n\n<li >\n\t<a href='?page_no=30268'>Previous<\/a>\n\t<\/li>\n\n\n       \n    \n\n<li><a href='?page_no=1'>1<\/a><\/li>\n\n\n\n<li><a href='?page_no=2'>2<\/a><\/li>\n\n\n\n<li><a>...<\/a><\/li>\n\n\n\n<li><a href='?page_no=30267'>30267<\/a><\/li>\n\n\n\n<li><a href='?page_no=30268'>30268<\/a><\/li>\n\n\n\n<li class='active'><a>30269<\/a><\/li>\n\n\n\n<li><a href='?page_no=30270'>30270<\/a><\/li>\n\n\n\n<li><a href='?page_no=30271'>30271<\/a><\/li>\n\n\n\n<li><a>...<\/a><\/li>\n\n\n\n<li><a href='?page_no=31963'>31963<\/a><\/li>\n\n\n\n<li><a href='?page_no=31964'>31964<\/a><\/li>\n\n    \n\t\n\n<li >\n\t<a href='?page_no=30270'>Next<\/a>\n\t<\/li>\n\n\n    \n\n<li><a href='?page_no=31964'>Last &rsaquo;&rsaquo;<\/a><\/li>\n\n<\/ul>\n\n\n--><br \/>\n<\/body><\/p>\n","protected":false},"excerpt":{"rendered":"<p>Santo Domingo, 15 dic 2010.- El presidente Leonel Fern\u00e1ndez asegur\u00f3 este martes que Hait\u00ed tiene tres grandes desaf\u00edos que con la ayuda de la comunidad internacional y el pueblo haitiano en general, esa naci\u00f3n podr\u00eda superarlos. En ese sentido, cit\u00f3 que la estabilizaci\u00f3n pol\u00edtica, el c\u00f3lera y el desarrollo econ\u00f3mico son los retos que tiene [&hellip;]<\/p>\n","protected":false},"author":3,"featured_media":0,"comment_status":"open","ping_status":"open","sticky":false,"template":"","format":"standard","meta":{"footnotes":""},"categories":[24],"tags":[],"class_list":["post-155101","post","type-post","status-publish","format-standard","hentry","category-justicia-y-derecho"],"_links":{"self":[{"href":"https:\/\/diariodominicano.com\/index.php?rest_route=\/wp\/v2\/posts\/155101","targetHints":{"allow":["GET"]}}],"collection":[{"href":"https:\/\/diariodominicano.com\/index.php?rest_route=\/wp\/v2\/posts"}],"about":[{"href":"https:\/\/diariodominicano.com\/index.php?rest_route=\/wp\/v2\/types\/post"}],"author":[{"embeddable":true,"href":"https:\/\/diariodominicano.com\/index.php?rest_route=\/wp\/v2\/users\/3"}],"replies":[{"embeddable":true,"href":"https:\/\/diariodominicano.com\/index.php?rest_route=%2Fwp%2Fv2%2Fcomments&post=155101"}],"version-history":[{"count":0,"href":"https:\/\/diariodominicano.com\/index.php?rest_route=\/wp\/v2\/posts\/155101\/revisions"}],"wp:attachment":[{"href":"https:\/\/diariodominicano.com\/index.php?rest_route=%2Fwp%2Fv2%2Fmedia&parent=155101"}],"wp:term":[{"taxonomy":"category","embeddable":true,"href":"https:\/\/diariodominicano.com\/index.php?rest_route=%2Fwp%2Fv2%2Fcategories&post=155101"},{"taxonomy":"post_tag","embeddable":true,"href":"https:\/\/diariodominicano.com\/index.php?rest_route=%2Fwp%2Fv2%2Ftags&post=155101"}],"curies":[{"name":"wp","href":"https:\/\/api.w.org\/{rel}","templated":true}]}}