{"id":155095,"date":"2010-12-15T21:45:14","date_gmt":"2010-12-15T21:45:14","guid":{"rendered":"http:\/\/diariodominicano.ddns.net\/?p=155095"},"modified":"2010-12-15T21:45:14","modified_gmt":"2010-12-15T21:45:14","slug":"juventud-reformista-continua-programa-de-captacion-de-nuevos-miembros-a-nivel-nacional","status":"publish","type":"post","link":"https:\/\/diariodominicano.com\/?p=155095","title":{"rendered":"Juventud Reformista contin\u00faa  programa de captaci\u00f3n de nuevos miembros a nivel nacional&#13;"},"content":{"rendered":"<p><body><\/p>\n<p><img decoding=\"async\" src=\"http:\/\/localhost:8080\/justiciayderecho\/img3\/juramentaion 2.jpg\" \/><br \/><img decoding=\"async\" src=\"img3\/juramentacion.JPG\" \/>  <\/p>\n<p><span class=\"text1noticias\">Por: Eliyerlin P\u00e9rez<\/span><\/p>\n<p><span class=\"text1noticias\"> <\/span><\/p>\n<p><span class=\"text1noticias\">Santo Domingo 15 Dic 2010.-. El presidente de la Juventud Reformista Social Cristiana, Ram\u00f3n P\u00e9rez Ferm\u00edn, asegur\u00f3 que el crecimiento constante del segmento juvenil, se debe a las novedosas ofertas y propuestas que la organizaci\u00f3n ofrece a los j\u00f3venes del pa\u00eds.<\/span><\/p>\n<p><span class=\"text1noticias\"> <\/span><\/p>\n<p><span class=\"text1noticias\">P\u00e9rez Ferm\u00edn encabez\u00f3 un acto donde se jurament\u00f3 a un grupo de j\u00f3venes de Santo Domingo Este, en la juventud del PRSC.<\/span><\/p>\n<\/p>\n<p><span class=\"text1noticias\">Dijo que  Carlos Morales Troncoso, trabaja para   devolver la confianza a  los j\u00f3venes dedicados a la actividad pol\u00edtica, ya que esta es  la v\u00eda democr\u00e1tica  para hacer las transformaciones en la sociedad dominicana.<\/span><\/p>\n<\/p>\n<p><span class=\"text1noticias\"> Adelant\u00f3 que en menos de un a\u00f1o el Partido Reformista tendr\u00e1 representaci\u00f3n del segmento de la juventud en las 32 provincias del pa\u00eds y en casi la totalidad de los 155 municipios.   <\/span><\/p>\n<p><span class=\"text1noticias\"> <\/span><\/p>\n<p><span class=\"text1noticias\">Destac\u00f3 el trabajo y crecimiento de captaci\u00f3n de los nuevos j\u00f3venes a nivel nacional que realizan en conjunto con la Secretaria de Organizaci\u00f3n del partido, lo que garantiza que estos ingresen autom\u00e1ticamente  a las fila del PRSC. <\/span><\/p>\n<\/p>\n<p><span class=\"text1noticias\"> P\u00e9rez Ferm\u00edn juramento un grupo de j\u00f3venes de Santo Domingo Este, que pasaron a las filas de la JRSC, motivados por las propuestas y programas que la organizaci\u00f3n est\u00e1 ofertando a la juventud dominicana.    <\/span><\/p>\n<p><span class=\"text1noticias\"> <\/span><\/p>\n<p><span class=\"text1noticias\">En dicha actividad tambi\u00e9n hicieron uso de la palabra, Marino Berig\u00fcete, Presidente del Frente de Profesionales  y T\u00e9cnicos del PRSC y Ra\u00fal Negron, secretario de finanzas de  la JRSC, quienes exhortaron a los j\u00f3venes a creer y promover los ideales y la doctrina social cristiana.<\/span><\/p>\n<p><span class=\"text1noticias\"> <\/span><\/p>\n<p><span class=\"text1noticias\">Negron habl\u00f3 de que en los \u00faltimos meses la juventud reformista, ha juramentado la directiva local  de ese frente de masas en las provincias de Barahona, municipio Para\u00edso, Bahoruco, municipio de Neiba, La Romana, La Vega, Santiago, Saman\u00e1, Azua, Prevaria, Ban\u00ed, y Santo Domingo Oeste.<\/span><\/p>\n<\/p>\n<h6> 2010-12-15 21:45:14 <\/h6>\n<p><!--\n<link rel=\"stylesheet\" href=\"css\/bootstrap.min.css\">\n\n\n<ul class=\"pagination\">\n\t    \n\t\n\n<li >\n\t<a href='?page_no=30262'>Previous<\/a>\n\t<\/li>\n\n\n       \n    \n\n<li><a href='?page_no=1'>1<\/a><\/li>\n\n\n\n<li><a href='?page_no=2'>2<\/a><\/li>\n\n\n\n<li><a>...<\/a><\/li>\n\n\n\n<li><a href='?page_no=30261'>30261<\/a><\/li>\n\n\n\n<li><a href='?page_no=30262'>30262<\/a><\/li>\n\n\n\n<li class='active'><a>30263<\/a><\/li>\n\n\n\n<li><a href='?page_no=30264'>30264<\/a><\/li>\n\n\n\n<li><a href='?page_no=30265'>30265<\/a><\/li>\n\n\n\n<li><a>...<\/a><\/li>\n\n\n\n<li><a href='?page_no=31963'>31963<\/a><\/li>\n\n\n\n<li><a href='?page_no=31964'>31964<\/a><\/li>\n\n    \n\t\n\n<li >\n\t<a href='?page_no=30264'>Next<\/a>\n\t<\/li>\n\n\n    \n\n<li><a href='?page_no=31964'>Last &rsaquo;&rsaquo;<\/a><\/li>\n\n<\/ul>\n\n\n--><br \/>\n<\/body><\/p>\n","protected":false},"excerpt":{"rendered":"<p>Por: Eliyerlin P\u00e9rez Santo Domingo 15 Dic 2010.-. El presidente de la Juventud Reformista Social Cristiana, Ram\u00f3n P\u00e9rez Ferm\u00edn, asegur\u00f3 que el crecimiento constante del segmento juvenil, se debe a las novedosas ofertas y propuestas que la organizaci\u00f3n ofrece a los j\u00f3venes del pa\u00eds. P\u00e9rez Ferm\u00edn encabez\u00f3 un acto donde se jurament\u00f3 a un grupo [&hellip;]<\/p>\n","protected":false},"author":3,"featured_media":0,"comment_status":"open","ping_status":"open","sticky":false,"template":"","format":"standard","meta":{"footnotes":""},"categories":[24],"tags":[],"class_list":["post-155095","post","type-post","status-publish","format-standard","hentry","category-justicia-y-derecho"],"_links":{"self":[{"href":"https:\/\/diariodominicano.com\/index.php?rest_route=\/wp\/v2\/posts\/155095","targetHints":{"allow":["GET"]}}],"collection":[{"href":"https:\/\/diariodominicano.com\/index.php?rest_route=\/wp\/v2\/posts"}],"about":[{"href":"https:\/\/diariodominicano.com\/index.php?rest_route=\/wp\/v2\/types\/post"}],"author":[{"embeddable":true,"href":"https:\/\/diariodominicano.com\/index.php?rest_route=\/wp\/v2\/users\/3"}],"replies":[{"embeddable":true,"href":"https:\/\/diariodominicano.com\/index.php?rest_route=%2Fwp%2Fv2%2Fcomments&post=155095"}],"version-history":[{"count":0,"href":"https:\/\/diariodominicano.com\/index.php?rest_route=\/wp\/v2\/posts\/155095\/revisions"}],"wp:attachment":[{"href":"https:\/\/diariodominicano.com\/index.php?rest_route=%2Fwp%2Fv2%2Fmedia&parent=155095"}],"wp:term":[{"taxonomy":"category","embeddable":true,"href":"https:\/\/diariodominicano.com\/index.php?rest_route=%2Fwp%2Fv2%2Fcategories&post=155095"},{"taxonomy":"post_tag","embeddable":true,"href":"https:\/\/diariodominicano.com\/index.php?rest_route=%2Fwp%2Fv2%2Ftags&post=155095"}],"curies":[{"name":"wp","href":"https:\/\/api.w.org\/{rel}","templated":true}]}}