{"id":155094,"date":"2010-12-15T21:54:50","date_gmt":"2010-12-15T21:54:50","guid":{"rendered":"http:\/\/diariodominicano.ddns.net\/?p=155094"},"modified":"2010-12-15T21:54:50","modified_gmt":"2010-12-15T21:54:50","slug":"colera-sera-endemia-en-rd-dice-colegio-de-medicos","status":"publish","type":"post","link":"https:\/\/diariodominicano.com\/?p=155094","title":{"rendered":"C\u00f3lera ser\u00e1  endemia en RD, dice Colegio de M\u00e9dicos"},"content":{"rendered":"<p><body><\/p>\n<p><img decoding=\"async\" src=\"http:\/\/localhost:8080\/justiciayderecho\/img3\/Colera.jpg\" \/>  <\/p>\n<p><span class=\"text1noticias\">Santo Domingo, 15 Dic 2010.- El presidente del Colegio M\u00e9dico vaticin\u00f3 este mi\u00e9rcoles que el c\u00f3lera se convertir\u00e1 en una endemia en Rep\u00fablica Dominicana.<\/span><\/p>\n<\/p>\n<p><span class=\"text1noticias\">Sen\u00e9n Caba inst\u00f3 a las autoridades de Salud P\u00fablica adecuar el sistema de salud sanitario a los modelos que recomienda el gremio. <\/span><\/p>\n<\/p>\n<p><span class=\"text1noticias\">Explic\u00f3 que ese organismo recomend\u00f3 desde hace un tiempo aplicar nuevas medidas de atenci\u00f3n primara que consiste en la educaci\u00f3n, promoci\u00f3n y prevenci\u00f3n, con la integraci\u00f3n de todas las instancias de salud relacionadas. <\/span><\/p>\n<\/p>\n<p><span class=\"text1noticias\">Asegur\u00f3 que es necesario arreciar con las medidas aplicadas por la Comisi\u00f3n Nacional Contra el C\u00f3lera para combatir bacteria, por lo que recomend\u00f3 a la poblaci\u00f3n cuidar el consumo de alimentos en el asueto de navidad.<\/span><\/p>\n<h6> 2010-12-15 21:54:50 <\/h6>\n<p><!--\n<link rel=\"stylesheet\" href=\"css\/bootstrap.min.css\">\n\n\n<ul class=\"pagination\">\n\t    \n\t\n\n<li >\n\t<a href='?page_no=30261'>Previous<\/a>\n\t<\/li>\n\n\n       \n    \n\n<li><a href='?page_no=1'>1<\/a><\/li>\n\n\n\n<li><a href='?page_no=2'>2<\/a><\/li>\n\n\n\n<li><a>...<\/a><\/li>\n\n\n\n<li><a href='?page_no=30260'>30260<\/a><\/li>\n\n\n\n<li><a href='?page_no=30261'>30261<\/a><\/li>\n\n\n\n<li class='active'><a>30262<\/a><\/li>\n\n\n\n<li><a href='?page_no=30263'>30263<\/a><\/li>\n\n\n\n<li><a href='?page_no=30264'>30264<\/a><\/li>\n\n\n\n<li><a>...<\/a><\/li>\n\n\n\n<li><a href='?page_no=31963'>31963<\/a><\/li>\n\n\n\n<li><a href='?page_no=31964'>31964<\/a><\/li>\n\n    \n\t\n\n<li >\n\t<a href='?page_no=30263'>Next<\/a>\n\t<\/li>\n\n\n    \n\n<li><a href='?page_no=31964'>Last &rsaquo;&rsaquo;<\/a><\/li>\n\n<\/ul>\n\n\n--><br \/>\n<\/body><\/p>\n","protected":false},"excerpt":{"rendered":"<p>Santo Domingo, 15 Dic 2010.- El presidente del Colegio M\u00e9dico vaticin\u00f3 este mi\u00e9rcoles que el c\u00f3lera se convertir\u00e1 en una endemia en Rep\u00fablica Dominicana. Sen\u00e9n Caba inst\u00f3 a las autoridades de Salud P\u00fablica adecuar el sistema de salud sanitario a los modelos que recomienda el gremio. Explic\u00f3 que ese organismo recomend\u00f3 desde hace un tiempo [&hellip;]<\/p>\n","protected":false},"author":3,"featured_media":0,"comment_status":"open","ping_status":"open","sticky":false,"template":"","format":"standard","meta":{"footnotes":""},"categories":[24],"tags":[],"class_list":["post-155094","post","type-post","status-publish","format-standard","hentry","category-justicia-y-derecho"],"_links":{"self":[{"href":"https:\/\/diariodominicano.com\/index.php?rest_route=\/wp\/v2\/posts\/155094","targetHints":{"allow":["GET"]}}],"collection":[{"href":"https:\/\/diariodominicano.com\/index.php?rest_route=\/wp\/v2\/posts"}],"about":[{"href":"https:\/\/diariodominicano.com\/index.php?rest_route=\/wp\/v2\/types\/post"}],"author":[{"embeddable":true,"href":"https:\/\/diariodominicano.com\/index.php?rest_route=\/wp\/v2\/users\/3"}],"replies":[{"embeddable":true,"href":"https:\/\/diariodominicano.com\/index.php?rest_route=%2Fwp%2Fv2%2Fcomments&post=155094"}],"version-history":[{"count":0,"href":"https:\/\/diariodominicano.com\/index.php?rest_route=\/wp\/v2\/posts\/155094\/revisions"}],"wp:attachment":[{"href":"https:\/\/diariodominicano.com\/index.php?rest_route=%2Fwp%2Fv2%2Fmedia&parent=155094"}],"wp:term":[{"taxonomy":"category","embeddable":true,"href":"https:\/\/diariodominicano.com\/index.php?rest_route=%2Fwp%2Fv2%2Fcategories&post=155094"},{"taxonomy":"post_tag","embeddable":true,"href":"https:\/\/diariodominicano.com\/index.php?rest_route=%2Fwp%2Fv2%2Ftags&post=155094"}],"curies":[{"name":"wp","href":"https:\/\/api.w.org\/{rel}","templated":true}]}}