{"id":155093,"date":"2010-12-15T22:13:51","date_gmt":"2010-12-15T22:13:51","guid":{"rendered":"http:\/\/diariodominicano.ddns.net\/?p=155093"},"modified":"2010-12-15T22:13:51","modified_gmt":"2010-12-15T22:13:51","slug":"patrulla-puertorriquena-detiene-a-8-dominicanos-indocumentados","status":"publish","type":"post","link":"https:\/\/diariodominicano.com\/?p=155093","title":{"rendered":"Patrulla Puertorrique\u00f1a detiene a 8 dominicanos  indocumentados"},"content":{"rendered":"<p><body><\/p>\n<p><img decoding=\"async\" src=\"http:\/\/localhost:8080\/justiciayderecho\/img3\/Yola boat.jpg\" \/>  <\/p>\n<p><span class=\"text1noticias\">AGUADILLA, Puerto Rico.-  Diez indocumentados, 8 de nacionalidad Dominicana y 2 de nacionalidad Haitiana,  fueron arrestados  por agentes de la Patrulla Fronteriza de los Estados Unidos tras desembarcar en la playa del sector Boquilla del municipio de A\u00f1asco.<\/span><\/p>\n<\/p>\n<p><span class=\"text1noticias\"> Los agentes de Patrulla Fronteriza lograron interceptar en la carretera 111, en direcci\u00f3n hacia el municipio de Moca, un vehiculo verde, marca  Hyundai Accent (modelo de 1996) que transportaba a 3 indocumentados, y era conducido por un ciudadano estadounidense.  <\/span><\/p>\n<\/p>\n<p><span class=\"text1noticias\">Asimismo, los agentes lograron arrestar a 7 indocumentados en las cercan\u00edas de A\u00f1asco.<\/span><\/p>\n<p><span class=\"text1noticias\">El grupo de indocumentados esta compuesto por 2 haitianos (1 hombre, 1 mujer) y 8 dominicanos (hombres). <\/span><\/p>\n<p><span class=\"text1noticias\"> <\/span><\/p>\n<p><span class=\"text1noticias\">El conductor del vehiculo, de 39 a\u00f1os y residente de Aguadilla, podr\u00eda enfrentar cargos por transportar inmigrantes ilegales.  <\/span><\/p>\n<\/p>\n<p><span class=\"text1noticias\">Cerca del amanecer un avi\u00f3n de la FURA de la Polic\u00eda de Puerto Rico divis\u00f3 una yola desocupada en la orilla de la referida playa, contactando inmediatamente a la Patrulla Fronteriza.    <\/span><\/p>\n<\/p>\n<p><span class=\"text1noticias\">Al presente, agentes de la Polic\u00eda de Puerto Rico y la Patrulla Fronteriza realizan una b\u00fasqueda del lugar.   <\/span><\/p>\n<p><span class=\"text1noticias\">Los indocumentados fueron trasladados a la estaci\u00f3n de la Patrulla Fronteriza en Ramey, para verificar los antecedentes migratorios y hacer las entrevistas de rigor.<\/span><\/p>\n<\/p>\n<p><span class=\"text1noticias\">Desde su incepci\u00f3n en Julio de 2006, CBIG fue creada para unificar esfuerzos entre agencias de ley y orden con el fin de detener el contrabando de personas y lograr control de las zonas fronterizas.<\/span><\/p>\n<\/p>\n<p><span class=\"text1noticias\">La colaboraci\u00f3n de los integrantes de CBIG facilita el mantener control operacional de las fronteras contra la inmigraci\u00f3n ilegal logrando reducir el flujo ilegal en un 80% en los pasados tres a\u00f1os. <\/span><\/p>\n<\/p>\n<p><strong><span class=\"text1noticias\">Sobre CBIG:<\/span><\/strong><\/p>\n<\/p>\n<p><span class=\"text1noticias\">El  Grupo Inter-agencial de la Frontera del Caribe (CBIG) esta constituido por los componentes principales del Negociado de Aduana y Protecci\u00f3n Fronteriza (la Patrulla de Frontera, la Oficina de Operaciones de Campo y la Divisi\u00f3n Aero-Mar\u00edtima) as\u00ed como el Servicio de Guardacostas, el Servicio de Inmigraci\u00f3n y Control de Aduanas (ICE, por sus siglas en ingles), las Fuerzas Unidas de R\u00e1pida Acci\u00f3n (FURA) de la Polic\u00eda de Puerto Rico, y la Fiscal\u00eda Federal.<\/span><\/p>\n<h6> 2010-12-15 22:13:51 <\/h6>\n<p><!--\n<link rel=\"stylesheet\" href=\"css\/bootstrap.min.css\">\n\n\n<ul class=\"pagination\">\n\t    \n\t\n\n<li >\n\t<a href='?page_no=30260'>Previous<\/a>\n\t<\/li>\n\n\n       \n    \n\n<li><a href='?page_no=1'>1<\/a><\/li>\n\n\n\n<li><a href='?page_no=2'>2<\/a><\/li>\n\n\n\n<li><a>...<\/a><\/li>\n\n\n\n<li><a href='?page_no=30259'>30259<\/a><\/li>\n\n\n\n<li><a href='?page_no=30260'>30260<\/a><\/li>\n\n\n\n<li class='active'><a>30261<\/a><\/li>\n\n\n\n<li><a href='?page_no=30262'>30262<\/a><\/li>\n\n\n\n<li><a href='?page_no=30263'>30263<\/a><\/li>\n\n\n\n<li><a>...<\/a><\/li>\n\n\n\n<li><a href='?page_no=31963'>31963<\/a><\/li>\n\n\n\n<li><a href='?page_no=31964'>31964<\/a><\/li>\n\n    \n\t\n\n<li >\n\t<a href='?page_no=30262'>Next<\/a>\n\t<\/li>\n\n\n    \n\n<li><a href='?page_no=31964'>Last &rsaquo;&rsaquo;<\/a><\/li>\n\n<\/ul>\n\n\n--><br \/>\n<\/body><\/p>\n","protected":false},"excerpt":{"rendered":"<p>AGUADILLA, Puerto Rico.- Diez indocumentados, 8 de nacionalidad Dominicana y 2 de nacionalidad Haitiana, fueron arrestados por agentes de la Patrulla Fronteriza de los Estados Unidos tras desembarcar en la playa del sector Boquilla del municipio de A\u00f1asco. Los agentes de Patrulla Fronteriza lograron interceptar en la carretera 111, en direcci\u00f3n hacia el municipio de [&hellip;]<\/p>\n","protected":false},"author":3,"featured_media":0,"comment_status":"open","ping_status":"open","sticky":false,"template":"","format":"standard","meta":{"footnotes":""},"categories":[24],"tags":[],"class_list":["post-155093","post","type-post","status-publish","format-standard","hentry","category-justicia-y-derecho"],"_links":{"self":[{"href":"https:\/\/diariodominicano.com\/index.php?rest_route=\/wp\/v2\/posts\/155093","targetHints":{"allow":["GET"]}}],"collection":[{"href":"https:\/\/diariodominicano.com\/index.php?rest_route=\/wp\/v2\/posts"}],"about":[{"href":"https:\/\/diariodominicano.com\/index.php?rest_route=\/wp\/v2\/types\/post"}],"author":[{"embeddable":true,"href":"https:\/\/diariodominicano.com\/index.php?rest_route=\/wp\/v2\/users\/3"}],"replies":[{"embeddable":true,"href":"https:\/\/diariodominicano.com\/index.php?rest_route=%2Fwp%2Fv2%2Fcomments&post=155093"}],"version-history":[{"count":0,"href":"https:\/\/diariodominicano.com\/index.php?rest_route=\/wp\/v2\/posts\/155093\/revisions"}],"wp:attachment":[{"href":"https:\/\/diariodominicano.com\/index.php?rest_route=%2Fwp%2Fv2%2Fmedia&parent=155093"}],"wp:term":[{"taxonomy":"category","embeddable":true,"href":"https:\/\/diariodominicano.com\/index.php?rest_route=%2Fwp%2Fv2%2Fcategories&post=155093"},{"taxonomy":"post_tag","embeddable":true,"href":"https:\/\/diariodominicano.com\/index.php?rest_route=%2Fwp%2Fv2%2Ftags&post=155093"}],"curies":[{"name":"wp","href":"https:\/\/api.w.org\/{rel}","templated":true}]}}