{"id":155092,"date":"2010-12-15T22:17:33","date_gmt":"2010-12-15T22:17:33","guid":{"rendered":"http:\/\/diariodominicano.ddns.net\/?p=155092"},"modified":"2010-12-15T22:17:33","modified_gmt":"2010-12-15T22:17:33","slug":"aduanas-trabajara-este-jueves-hasta-mediodia","status":"publish","type":"post","link":"https:\/\/diariodominicano.com\/?p=155092","title":{"rendered":"Aduanas trabajar\u00e1 este jueves, hasta mediod\u00eda"},"content":{"rendered":"<p><body><\/p>\n<p><img decoding=\"async\" src=\"img3\/aduanas.jpg\" \/>  <\/p>\n<\/p>\n<p><span class=\"text1noticias\">Santo Domingo.-La Direcci\u00f3n General de Aduanas (DGA) informa que este jueves 16 de diciembre laborar\u00e1 en la sede central hasta el mediod\u00eda,  por motivo de la fiesta de fin de a\u00f1o que realiza a sus empleados.<\/span><\/p>\n<\/p>\n<p><span class=\"text1noticias\"> Expresa que su inter\u00e9s en hacer de p\u00fablico conocimiento la disposici\u00f3n es el de evitar trastorno en el desarrollo de  las actividades de las personas que deseen hacer  uso de los servicios que se ofrecen en su sede central, ubicada en la avenida Abraham Lincoln de esta capital.<\/span><\/p>\n<\/p>\n<p><span class=\"text1noticias\">En las dem\u00e1s dependencias, como puestos fronterizos, puertos y aeropuertos, las labores continuar\u00e1n de manera normal.<\/span><\/p>\n<\/p>\n<p><span class=\"text1noticias\">\u00abOfrecemos la presente informaci\u00f3n para que se tomen las medidas pertinentes\u00bb, refiere Aduanas, a la vez que agradece la comprensi\u00f3n y la  colaboraci\u00f3n de los contribuyentes, que podr\u00e1n hacer sus gestiones de 8:00 de la ma\u00f1ana hasta las 12:00 meridiano.<\/span><\/p>\n<h6> 2010-12-15 22:17:33 <\/h6>\n<p><!--\n<link rel=\"stylesheet\" href=\"css\/bootstrap.min.css\">\n\n\n<ul class=\"pagination\">\n\t    \n\t\n\n<li >\n\t<a href='?page_no=30259'>Previous<\/a>\n\t<\/li>\n\n\n       \n    \n\n<li><a href='?page_no=1'>1<\/a><\/li>\n\n\n\n<li><a href='?page_no=2'>2<\/a><\/li>\n\n\n\n<li><a>...<\/a><\/li>\n\n\n\n<li><a href='?page_no=30258'>30258<\/a><\/li>\n\n\n\n<li><a href='?page_no=30259'>30259<\/a><\/li>\n\n\n\n<li class='active'><a>30260<\/a><\/li>\n\n\n\n<li><a href='?page_no=30261'>30261<\/a><\/li>\n\n\n\n<li><a href='?page_no=30262'>30262<\/a><\/li>\n\n\n\n<li><a>...<\/a><\/li>\n\n\n\n<li><a href='?page_no=31963'>31963<\/a><\/li>\n\n\n\n<li><a href='?page_no=31964'>31964<\/a><\/li>\n\n    \n\t\n\n<li >\n\t<a href='?page_no=30261'>Next<\/a>\n\t<\/li>\n\n\n    \n\n<li><a href='?page_no=31964'>Last &rsaquo;&rsaquo;<\/a><\/li>\n\n<\/ul>\n\n\n--><br \/>\n<\/body><\/p>\n","protected":false},"excerpt":{"rendered":"<p>Santo Domingo.-La Direcci\u00f3n General de Aduanas (DGA) informa que este jueves 16 de diciembre laborar\u00e1 en la sede central hasta el mediod\u00eda, por motivo de la fiesta de fin de a\u00f1o que realiza a sus empleados. Expresa que su inter\u00e9s en hacer de p\u00fablico conocimiento la disposici\u00f3n es el de evitar trastorno en el desarrollo [&hellip;]<\/p>\n","protected":false},"author":3,"featured_media":0,"comment_status":"open","ping_status":"open","sticky":false,"template":"","format":"standard","meta":{"footnotes":""},"categories":[24],"tags":[],"class_list":["post-155092","post","type-post","status-publish","format-standard","hentry","category-justicia-y-derecho"],"_links":{"self":[{"href":"https:\/\/diariodominicano.com\/index.php?rest_route=\/wp\/v2\/posts\/155092","targetHints":{"allow":["GET"]}}],"collection":[{"href":"https:\/\/diariodominicano.com\/index.php?rest_route=\/wp\/v2\/posts"}],"about":[{"href":"https:\/\/diariodominicano.com\/index.php?rest_route=\/wp\/v2\/types\/post"}],"author":[{"embeddable":true,"href":"https:\/\/diariodominicano.com\/index.php?rest_route=\/wp\/v2\/users\/3"}],"replies":[{"embeddable":true,"href":"https:\/\/diariodominicano.com\/index.php?rest_route=%2Fwp%2Fv2%2Fcomments&post=155092"}],"version-history":[{"count":0,"href":"https:\/\/diariodominicano.com\/index.php?rest_route=\/wp\/v2\/posts\/155092\/revisions"}],"wp:attachment":[{"href":"https:\/\/diariodominicano.com\/index.php?rest_route=%2Fwp%2Fv2%2Fmedia&parent=155092"}],"wp:term":[{"taxonomy":"category","embeddable":true,"href":"https:\/\/diariodominicano.com\/index.php?rest_route=%2Fwp%2Fv2%2Fcategories&post=155092"},{"taxonomy":"post_tag","embeddable":true,"href":"https:\/\/diariodominicano.com\/index.php?rest_route=%2Fwp%2Fv2%2Ftags&post=155092"}],"curies":[{"name":"wp","href":"https:\/\/api.w.org\/{rel}","templated":true}]}}