{"id":155091,"date":"2010-12-15T22:31:40","date_gmt":"2010-12-15T22:31:40","guid":{"rendered":"http:\/\/diariodominicano.ddns.net\/?p=155091"},"modified":"2010-12-15T22:31:40","modified_gmt":"2010-12-15T22:31:40","slug":"leonel-tendra-cena-navidad-en-batey-vega-spm","status":"publish","type":"post","link":"https:\/\/diariodominicano.com\/?p=155091","title":{"rendered":"Leonel tendr\u00e1 cena Navidad en batey Vega, SPM"},"content":{"rendered":"<p><body><\/p>\n<p><img decoding=\"async\" src=\"http:\/\/localhost:8080\/justiciayderecho\/img3\/Leonel pensando.jpg\" \/>  <\/p>\n<p><span class=\"text1noticias\">Santo Domingo, 15 Dic 2010.- El presidente Leonel Fern\u00e1ndez cenar\u00e1 el jueves 23 con familias pobres del batey Vega, en San Pedro de Macor\u00eds, como parte de las 200 cenas populares que la Presidencia de la Rep\u00fablica ofrecer\u00e1 con motivo de las navidades, en todo el territorio nacional.<\/span><\/p>\n<\/p>\n<p><span class=\"text1noticias\">Las cenas populares ser\u00e1n realizadas del 20 al 23 del corriente mes y beneficiar\u00e1n a m\u00e1s de un mill\u00f3n de personas de escasos recursos, con una inversi\u00f3n de 75 millones de pesos, inform\u00f3 el administrador general de los Comedores Econ\u00f3micos, Nicol\u00e1s Calder\u00f3n, en rueda de prensa en el Palacio Nacional.<\/span><\/p>\n<\/p>\n<p><span class=\"text1noticias\">En la actividad, que encabezar\u00e1 el mandatario, habr\u00e1 un show art\u00edstico con la participaci\u00f3n de los Hermanos Rosario, Johnny Ventura, Frank Reyes.<\/span><\/p>\n<h6> 2010-12-15 22:31:40 <\/h6>\n<p><!--\n<link rel=\"stylesheet\" href=\"css\/bootstrap.min.css\">\n\n\n<ul class=\"pagination\">\n\t    \n\t\n\n<li >\n\t<a href='?page_no=30258'>Previous<\/a>\n\t<\/li>\n\n\n       \n    \n\n<li><a href='?page_no=1'>1<\/a><\/li>\n\n\n\n<li><a href='?page_no=2'>2<\/a><\/li>\n\n\n\n<li><a>...<\/a><\/li>\n\n\n\n<li><a href='?page_no=30257'>30257<\/a><\/li>\n\n\n\n<li><a href='?page_no=30258'>30258<\/a><\/li>\n\n\n\n<li class='active'><a>30259<\/a><\/li>\n\n\n\n<li><a href='?page_no=30260'>30260<\/a><\/li>\n\n\n\n<li><a href='?page_no=30261'>30261<\/a><\/li>\n\n\n\n<li><a>...<\/a><\/li>\n\n\n\n<li><a href='?page_no=31963'>31963<\/a><\/li>\n\n\n\n<li><a href='?page_no=31964'>31964<\/a><\/li>\n\n    \n\t\n\n<li >\n\t<a href='?page_no=30260'>Next<\/a>\n\t<\/li>\n\n\n    \n\n<li><a href='?page_no=31964'>Last &rsaquo;&rsaquo;<\/a><\/li>\n\n<\/ul>\n\n\n--><br \/>\n<\/body><\/p>\n","protected":false},"excerpt":{"rendered":"<p>Santo Domingo, 15 Dic 2010.- El presidente Leonel Fern\u00e1ndez cenar\u00e1 el jueves 23 con familias pobres del batey Vega, en San Pedro de Macor\u00eds, como parte de las 200 cenas populares que la Presidencia de la Rep\u00fablica ofrecer\u00e1 con motivo de las navidades, en todo el territorio nacional. Las cenas populares ser\u00e1n realizadas del 20 [&hellip;]<\/p>\n","protected":false},"author":3,"featured_media":0,"comment_status":"open","ping_status":"open","sticky":false,"template":"","format":"standard","meta":{"footnotes":""},"categories":[24],"tags":[],"class_list":["post-155091","post","type-post","status-publish","format-standard","hentry","category-justicia-y-derecho"],"_links":{"self":[{"href":"https:\/\/diariodominicano.com\/index.php?rest_route=\/wp\/v2\/posts\/155091","targetHints":{"allow":["GET"]}}],"collection":[{"href":"https:\/\/diariodominicano.com\/index.php?rest_route=\/wp\/v2\/posts"}],"about":[{"href":"https:\/\/diariodominicano.com\/index.php?rest_route=\/wp\/v2\/types\/post"}],"author":[{"embeddable":true,"href":"https:\/\/diariodominicano.com\/index.php?rest_route=\/wp\/v2\/users\/3"}],"replies":[{"embeddable":true,"href":"https:\/\/diariodominicano.com\/index.php?rest_route=%2Fwp%2Fv2%2Fcomments&post=155091"}],"version-history":[{"count":0,"href":"https:\/\/diariodominicano.com\/index.php?rest_route=\/wp\/v2\/posts\/155091\/revisions"}],"wp:attachment":[{"href":"https:\/\/diariodominicano.com\/index.php?rest_route=%2Fwp%2Fv2%2Fmedia&parent=155091"}],"wp:term":[{"taxonomy":"category","embeddable":true,"href":"https:\/\/diariodominicano.com\/index.php?rest_route=%2Fwp%2Fv2%2Fcategories&post=155091"},{"taxonomy":"post_tag","embeddable":true,"href":"https:\/\/diariodominicano.com\/index.php?rest_route=%2Fwp%2Fv2%2Ftags&post=155091"}],"curies":[{"name":"wp","href":"https:\/\/api.w.org\/{rel}","templated":true}]}}