{"id":155090,"date":"2010-12-15T22:38:50","date_gmt":"2010-12-15T22:38:50","guid":{"rendered":"http:\/\/diariodominicano.ddns.net\/?p=155090"},"modified":"2010-12-15T22:38:50","modified_gmt":"2010-12-15T22:38:50","slug":"gamalier-visitara-presidente-fernandez","status":"publish","type":"post","link":"https:\/\/diariodominicano.com\/?p=155090","title":{"rendered":"Gamalier Visitara Presidente Fernandez&#13;"},"content":{"rendered":"<p><body><\/p>\n<p><img decoding=\"async\" src=\"http:\/\/localhost:8080\/justiciayderecho\/img3\/gamalier montas-4.JPG\" \/><br \/><img decoding=\"async\" src=\"http:\/\/localhost:8080\/justiciayderecho\/img3\/gamalier montas-4.JPG\" \/>  <\/p>\n<p><span class=\"text1noticias\">POR EMMANUEL SOLANO<\/span><\/p>\n<\/p>\n<p><span class=\"text1noticias\">SAN CRISTOBAL.- El gobernador provincial ,Gamalier Mont\u00e1s,sostuvo una<\/span><\/p>\n<p><span class=\"text1noticias\">reuni\u00f3n con los presidentes de los Comit\u00e9s Intermedio del Partido de<\/span><\/p>\n<p><span class=\"text1noticias\">la Liberaci\u00f3n Dominicana,en el que le anunci\u00f3 que el presidente Leonel<\/span><\/p>\n<p><span class=\"text1noticias\">Fern\u00e1ndez vendr\u00e1 a esta ciudad el pr\u00f3ximo s\u00e1bado a compartir con toda<\/span><\/p>\n<p><span class=\"text1noticias\">la poblaci\u00f3n en esta fecha tan especial del a\u00f1o en que el pueblo<\/span><\/p>\n<p><span class=\"text1noticias\">cristiano celebra con alegr\u00eda el nacimiento del hijo de Dios.<\/span><\/p>\n<\/p>\n<p><span class=\"text1noticias\">El representante del Poder Ejecutivo en esta provincia sure\u00f1a precis\u00f3<\/span><\/p>\n<p><span class=\"text1noticias\">que el jefe del Estado y l\u00edder del PLD llegar\u00e1 a esta ciudad el sabado<\/span><\/p>\n<p><span class=\"text1noticias\">venidero a partir de las cinco de la tarde y encabezar\u00e1 repartos de<\/span><\/p>\n<p><span class=\"text1noticias\">canastas navide\u00f1as en varios sectores de aqu\u00ed como parte de su agenda<\/span><\/p>\n<p><span class=\"text1noticias\">en estos d\u00edas de llevar las raciones para que las familias de escasos<\/span><\/p>\n<p><span class=\"text1noticias\">recursos econ\u00f3micos puedan hacer su tradicional cena de navidad y<\/span><\/p>\n<p><span class=\"text1noticias\">compartir en familia.<\/span><\/p>\n<\/p>\n<p><span class=\"text1noticias\">El ex-diputado y miembro del Comit\u00e9 Central del Partido simbolizado<\/span><\/p>\n<p><span class=\"text1noticias\">por la bandera morada y la estrella amarilla signific\u00f3 que este<\/span><\/p>\n<p><span class=\"text1noticias\">anuncio llena de emoci\u00f3n y alegria a toda la familia peledeista y al<\/span><\/p>\n<p><span class=\"text1noticias\">pueblo en sentido general ya que a su entender el presidente Leonel<\/span><\/p>\n<p><span class=\"text1noticias\">Fernandez  es una persona muy sencible y que le gusta compartir con<\/span><\/p>\n<p><span class=\"text1noticias\">los hombres y mujeres de este pueblo en las navidades y siempre.<\/span><\/p>\n<\/p>\n<p><span class=\"text1noticias\">Gamalier Mont\u00e1s precis\u00f3 que reina gran entusiasmo en toda la poblaci\u00f3n<\/span><\/p>\n<p><span class=\"text1noticias\">en recibir al ciudadano presidente y exhort\u00f3 a todos los dirigentes<\/span><\/p>\n<p><span class=\"text1noticias\">del partido en el poder a integrarse a  tan magno recibimiento el<\/span><\/p>\n<p><span class=\"text1noticias\">pr\u00f3ximo s\u00e1bado a partir de las 5 de la tarde.<\/span><\/p>\n<\/p>\n<p><span class=\"text1noticias\">Reiter\u00f3 que por disposici\u00f3n del presidente de la Rep\u00fablica todas las<\/span><\/p>\n<p><span class=\"text1noticias\">familias pobres de aqu\u00ed recibir\u00e1n sus canastas navide\u00f1as para que<\/span><\/p>\n<p><span class=\"text1noticias\">compartar en familia la tradicional cena del 24 de Diciembre,como es<\/span><\/p>\n<p><span class=\"text1noticias\">costumbre cada vez que el PLD est\u00e1 en el poder.<\/span><\/p>\n<h6> 2010-12-15 22:38:50 <\/h6>\n<p><!--\n<link rel=\"stylesheet\" href=\"css\/bootstrap.min.css\">\n\n\n<ul class=\"pagination\">\n\t    \n\t\n\n<li >\n\t<a href='?page_no=30257'>Previous<\/a>\n\t<\/li>\n\n\n       \n    \n\n<li><a href='?page_no=1'>1<\/a><\/li>\n\n\n\n<li><a href='?page_no=2'>2<\/a><\/li>\n\n\n\n<li><a>...<\/a><\/li>\n\n\n\n<li><a href='?page_no=30256'>30256<\/a><\/li>\n\n\n\n<li><a href='?page_no=30257'>30257<\/a><\/li>\n\n\n\n<li class='active'><a>30258<\/a><\/li>\n\n\n\n<li><a href='?page_no=30259'>30259<\/a><\/li>\n\n\n\n<li><a href='?page_no=30260'>30260<\/a><\/li>\n\n\n\n<li><a>...<\/a><\/li>\n\n\n\n<li><a href='?page_no=31963'>31963<\/a><\/li>\n\n\n\n<li><a href='?page_no=31964'>31964<\/a><\/li>\n\n    \n\t\n\n<li >\n\t<a href='?page_no=30259'>Next<\/a>\n\t<\/li>\n\n\n    \n\n<li><a href='?page_no=31964'>Last &rsaquo;&rsaquo;<\/a><\/li>\n\n<\/ul>\n\n\n--><br \/>\n<\/body><\/p>\n","protected":false},"excerpt":{"rendered":"<p>POR EMMANUEL SOLANO SAN CRISTOBAL.- El gobernador provincial ,Gamalier Mont\u00e1s,sostuvo una reuni\u00f3n con los presidentes de los Comit\u00e9s Intermedio del Partido de la Liberaci\u00f3n Dominicana,en el que le anunci\u00f3 que el presidente Leonel Fern\u00e1ndez vendr\u00e1 a esta ciudad el pr\u00f3ximo s\u00e1bado a compartir con toda la poblaci\u00f3n en esta fecha tan especial del a\u00f1o en [&hellip;]<\/p>\n","protected":false},"author":3,"featured_media":0,"comment_status":"open","ping_status":"open","sticky":false,"template":"","format":"standard","meta":{"footnotes":""},"categories":[24],"tags":[],"class_list":["post-155090","post","type-post","status-publish","format-standard","hentry","category-justicia-y-derecho"],"_links":{"self":[{"href":"https:\/\/diariodominicano.com\/index.php?rest_route=\/wp\/v2\/posts\/155090","targetHints":{"allow":["GET"]}}],"collection":[{"href":"https:\/\/diariodominicano.com\/index.php?rest_route=\/wp\/v2\/posts"}],"about":[{"href":"https:\/\/diariodominicano.com\/index.php?rest_route=\/wp\/v2\/types\/post"}],"author":[{"embeddable":true,"href":"https:\/\/diariodominicano.com\/index.php?rest_route=\/wp\/v2\/users\/3"}],"replies":[{"embeddable":true,"href":"https:\/\/diariodominicano.com\/index.php?rest_route=%2Fwp%2Fv2%2Fcomments&post=155090"}],"version-history":[{"count":0,"href":"https:\/\/diariodominicano.com\/index.php?rest_route=\/wp\/v2\/posts\/155090\/revisions"}],"wp:attachment":[{"href":"https:\/\/diariodominicano.com\/index.php?rest_route=%2Fwp%2Fv2%2Fmedia&parent=155090"}],"wp:term":[{"taxonomy":"category","embeddable":true,"href":"https:\/\/diariodominicano.com\/index.php?rest_route=%2Fwp%2Fv2%2Fcategories&post=155090"},{"taxonomy":"post_tag","embeddable":true,"href":"https:\/\/diariodominicano.com\/index.php?rest_route=%2Fwp%2Fv2%2Ftags&post=155090"}],"curies":[{"name":"wp","href":"https:\/\/api.w.org\/{rel}","templated":true}]}}