{"id":155087,"date":"2010-12-16T13:33:59","date_gmt":"2010-12-16T13:33:59","guid":{"rendered":"http:\/\/diariodominicano.ddns.net\/?p=155087"},"modified":"2010-12-16T13:33:59","modified_gmt":"2010-12-16T13:33:59","slug":"onamet-mantiene-alerta-sobre-oleaje-anormal-en-la-costa-atlantica","status":"publish","type":"post","link":"https:\/\/diariodominicano.com\/?p=155087","title":{"rendered":"ONAMET mantiene alerta sobre oleaje anormal en la costa Atl\u00e1ntica"},"content":{"rendered":"<p><body><\/p>\n<p><span class=\"text1noticias\">Santo Domingo, 16 dic 2010.- La Oficina Nacional de Meteorolog\u00eda (Onamet) mantiene el alerta contra posible penetraci\u00f3n del  mar en las costas del Atl\u00e1ntico debido a oleaje anormal y vientos fuertes.<\/span><\/p>\n<\/p>\n<p><span class=\"text1noticias\">En este sentido,  recomend\u00f3 a los pobladores de las comunidades de Matancita, Nagua y Cabrera tomar medidas de precauci\u00f3n y abstenerse de ba\u00f1arse en las playas y a los operadores de peque\u00f1as embarcaciones mantenerse en puerto.<\/span><\/p>\n<\/p>\n<p><span class=\"text1noticias\">La Onamet explica que las condiciones meteorol\u00f3gicas  estar\u00e1n bajo los efectos de los campos nubosos asociados al frente fr\u00edo ubicado al Este de Puerto Rico en proceso de disipaci\u00f3n y el viento del Noreste, generado por un sistema de alta presi\u00f3n en aguas del Atl\u00e1ntico Norte.<\/span><\/p>\n<\/p>\n<p><span class=\"text1noticias\">La Onamet indica que las temperaturas agradables y frescas predominar\u00e1n en toda la Republica Dominicana con lluvias d\u00e9biles y aisladas r\u00e1fagas de vientos hacia las regiones Noreste, Sureste y la Cordillera Central.<\/span><\/p>\n<\/p>\n<p><span class=\"text1noticias\">Para la provincia de Santo Domingo y el Distrito Nacional  el cielo estar\u00e1 medio nublado con lluvias d\u00e9biles y r\u00e1fagas de vientos en ocasiones.<\/span><\/p>\n<\/p>\n<p><span class=\"text1noticias\">La actividad de lluvias se registrar\u00e1 principalmente hacia las provincias de Saman\u00e1, Maria Trinidad S\u00e1nchez, Duarte, Hato Mayor, El Seibo, La Altagracia, La Romana, San Pedro de Macor\u00eds, Monte Plata y S\u00e1nchez Ram\u00edrez.<\/span><\/p>\n<\/p>\n<p><span class=\"text1noticias\">En las costas del Atl\u00e1ntico los vientos del Noreste oscilan entre quince y 20 nudos con r\u00e1fagas ocasionales y olas entre ocho y diez pies de altura.<\/span><\/p>\n<\/p>\n<p><span class=\"text1noticias\">En tanto que en la bah\u00eda de Saman\u00e1 el oleaje fluct\u00faa entre seis y diez pies de altura y vientos del Norte-Noreste entre diez y quince nudos<\/span>.<\/p>\n<\/p>\n<h6> 2010-12-16 13:33:59 <\/h6>\n<p><!--\n<link rel=\"stylesheet\" href=\"css\/bootstrap.min.css\">\n\n\n<ul class=\"pagination\">\n\t    \n\t\n\n<li >\n\t<a href='?page_no=30254'>Previous<\/a>\n\t<\/li>\n\n\n       \n    \n\n<li><a href='?page_no=1'>1<\/a><\/li>\n\n\n\n<li><a href='?page_no=2'>2<\/a><\/li>\n\n\n\n<li><a>...<\/a><\/li>\n\n\n\n<li><a href='?page_no=30253'>30253<\/a><\/li>\n\n\n\n<li><a href='?page_no=30254'>30254<\/a><\/li>\n\n\n\n<li class='active'><a>30255<\/a><\/li>\n\n\n\n<li><a href='?page_no=30256'>30256<\/a><\/li>\n\n\n\n<li><a href='?page_no=30257'>30257<\/a><\/li>\n\n\n\n<li><a>...<\/a><\/li>\n\n\n\n<li><a href='?page_no=31963'>31963<\/a><\/li>\n\n\n\n<li><a href='?page_no=31964'>31964<\/a><\/li>\n\n    \n\t\n\n<li >\n\t<a href='?page_no=30256'>Next<\/a>\n\t<\/li>\n\n\n    \n\n<li><a href='?page_no=31964'>Last &rsaquo;&rsaquo;<\/a><\/li>\n\n<\/ul>\n\n\n--><br \/>\n<\/body><\/p>\n","protected":false},"excerpt":{"rendered":"<p>Santo Domingo, 16 dic 2010.- La Oficina Nacional de Meteorolog\u00eda (Onamet) mantiene el alerta contra posible penetraci\u00f3n del mar en las costas del Atl\u00e1ntico debido a oleaje anormal y vientos fuertes. En este sentido, recomend\u00f3 a los pobladores de las comunidades de Matancita, Nagua y Cabrera tomar medidas de precauci\u00f3n y abstenerse de ba\u00f1arse en [&hellip;]<\/p>\n","protected":false},"author":3,"featured_media":0,"comment_status":"open","ping_status":"open","sticky":false,"template":"","format":"standard","meta":{"footnotes":""},"categories":[24],"tags":[],"class_list":["post-155087","post","type-post","status-publish","format-standard","hentry","category-justicia-y-derecho"],"_links":{"self":[{"href":"https:\/\/diariodominicano.com\/index.php?rest_route=\/wp\/v2\/posts\/155087","targetHints":{"allow":["GET"]}}],"collection":[{"href":"https:\/\/diariodominicano.com\/index.php?rest_route=\/wp\/v2\/posts"}],"about":[{"href":"https:\/\/diariodominicano.com\/index.php?rest_route=\/wp\/v2\/types\/post"}],"author":[{"embeddable":true,"href":"https:\/\/diariodominicano.com\/index.php?rest_route=\/wp\/v2\/users\/3"}],"replies":[{"embeddable":true,"href":"https:\/\/diariodominicano.com\/index.php?rest_route=%2Fwp%2Fv2%2Fcomments&post=155087"}],"version-history":[{"count":0,"href":"https:\/\/diariodominicano.com\/index.php?rest_route=\/wp\/v2\/posts\/155087\/revisions"}],"wp:attachment":[{"href":"https:\/\/diariodominicano.com\/index.php?rest_route=%2Fwp%2Fv2%2Fmedia&parent=155087"}],"wp:term":[{"taxonomy":"category","embeddable":true,"href":"https:\/\/diariodominicano.com\/index.php?rest_route=%2Fwp%2Fv2%2Fcategories&post=155087"},{"taxonomy":"post_tag","embeddable":true,"href":"https:\/\/diariodominicano.com\/index.php?rest_route=%2Fwp%2Fv2%2Ftags&post=155087"}],"curies":[{"name":"wp","href":"https:\/\/api.w.org\/{rel}","templated":true}]}}