{"id":155086,"date":"2010-12-16T16:05:53","date_gmt":"2010-12-16T16:05:53","guid":{"rendered":"http:\/\/diariodominicano.ddns.net\/?p=155086"},"modified":"2010-12-16T16:05:53","modified_gmt":"2010-12-16T16:05:53","slug":"organismos-de-socorro-amet-y-la-policia-nacional-quieren-navidad-sin-accidentes","status":"publish","type":"post","link":"https:\/\/diariodominicano.com\/?p=155086","title":{"rendered":"Organismos de socorro, Amet, y la Polic\u00eda Nacional quieren navidad sin accidentes"},"content":{"rendered":"<p><body><\/p>\n<p><span class=\"text1noticias\">Santo Domingo, 16 dic 2010.- La Autoridad Metropolitana del Transporte, (AMET), la Polic\u00eda Nacional  y el Centro de Operaciones  de Emergencias pondr\u00e1n en marcha  el operativo ?Navidad sin accidentes? en calles, avenidas, autopistas y carreteras de todo el pa\u00eds,  durante el per\u00edodo navide\u00f1o.<\/span><\/p>\n<\/p>\n<p><span class=\"text1noticias\">En tal sentido, en las autopistas se emplear\u00e1n radares para controlar la velocidad, como tambi\u00e9n alcohol\u00edmetros para medir la cantidad de alcohol ingerido por conductores sospechosos de conducir embriagados.<\/span><\/p>\n<\/p>\n<p><span class=\"text1noticias\">Agentes de Amet, la Polic\u00eda Nacional y miembros de la Defensa Civil  ser\u00e1n apostados en las carreteras y autopistas del pa\u00eds para vigilar el cumplimiento de las disposiciones contenidas en  la Ley 241 sobre tr\u00e1nsito terrestre.<\/span><\/p>\n<\/p>\n<p><span class=\"text1noticias\">Las autoridades tratar\u00e1n de evitar, adem\u00e1s, que los veh\u00edculos pesados transiten por el carril izquierdo de la v\u00eda, pues se ha comprobado que si lo hacen por el lado derecho tienen menores posibilidades de provocar accidentes.<\/span><\/p>\n<\/p>\n<p><span class=\"text1noticias\">La Amet advirti\u00f3 que  impedir\u00e1 que camiones o camionetas circulen con personas en la parte trasera. <\/span><\/p>\n<p><span class=\"text1noticias\">Los motoristas  no podr\u00e1n circular con m\u00e1s de una persona en sus veh\u00edculos;  tendr\u00e1n que usar el casco protector y portar sus documentos al d\u00eda. No se permitir\u00e1 que circulen sin luces, trasera y delantera.<\/span><\/p>\n<\/p>\n<p><span class=\"text1noticias\">El director de la Autoridad Metropolitana de Transporte, mayor general, Jos\u00e9 An\u00edbal Sanz Jimini\u00e1n, exhort\u00f3 a los conductores a manejar con prudencia, a fin de no provocar accidentes ?que siempre llevan luto y dolor a las familias dominicanas?<\/span>.<\/p>\n<\/p>\n<h6> 2010-12-16 16:05:53 <\/h6>\n<p><!--\n<link rel=\"stylesheet\" href=\"css\/bootstrap.min.css\">\n\n\n<ul class=\"pagination\">\n\t    \n\t\n\n<li >\n\t<a href='?page_no=30253'>Previous<\/a>\n\t<\/li>\n\n\n       \n    \n\n<li><a href='?page_no=1'>1<\/a><\/li>\n\n\n\n<li><a href='?page_no=2'>2<\/a><\/li>\n\n\n\n<li><a>...<\/a><\/li>\n\n\n\n<li><a href='?page_no=30252'>30252<\/a><\/li>\n\n\n\n<li><a href='?page_no=30253'>30253<\/a><\/li>\n\n\n\n<li class='active'><a>30254<\/a><\/li>\n\n\n\n<li><a href='?page_no=30255'>30255<\/a><\/li>\n\n\n\n<li><a href='?page_no=30256'>30256<\/a><\/li>\n\n\n\n<li><a>...<\/a><\/li>\n\n\n\n<li><a href='?page_no=31963'>31963<\/a><\/li>\n\n\n\n<li><a href='?page_no=31964'>31964<\/a><\/li>\n\n    \n\t\n\n<li >\n\t<a href='?page_no=30255'>Next<\/a>\n\t<\/li>\n\n\n    \n\n<li><a href='?page_no=31964'>Last &rsaquo;&rsaquo;<\/a><\/li>\n\n<\/ul>\n\n\n--><br \/>\n<\/body><\/p>\n","protected":false},"excerpt":{"rendered":"<p>Santo Domingo, 16 dic 2010.- La Autoridad Metropolitana del Transporte, (AMET), la Polic\u00eda Nacional y el Centro de Operaciones de Emergencias pondr\u00e1n en marcha el operativo ?Navidad sin accidentes? en calles, avenidas, autopistas y carreteras de todo el pa\u00eds, durante el per\u00edodo navide\u00f1o. En tal sentido, en las autopistas se emplear\u00e1n radares para controlar la [&hellip;]<\/p>\n","protected":false},"author":3,"featured_media":0,"comment_status":"open","ping_status":"open","sticky":false,"template":"","format":"standard","meta":{"footnotes":""},"categories":[24],"tags":[],"class_list":["post-155086","post","type-post","status-publish","format-standard","hentry","category-justicia-y-derecho"],"_links":{"self":[{"href":"https:\/\/diariodominicano.com\/index.php?rest_route=\/wp\/v2\/posts\/155086","targetHints":{"allow":["GET"]}}],"collection":[{"href":"https:\/\/diariodominicano.com\/index.php?rest_route=\/wp\/v2\/posts"}],"about":[{"href":"https:\/\/diariodominicano.com\/index.php?rest_route=\/wp\/v2\/types\/post"}],"author":[{"embeddable":true,"href":"https:\/\/diariodominicano.com\/index.php?rest_route=\/wp\/v2\/users\/3"}],"replies":[{"embeddable":true,"href":"https:\/\/diariodominicano.com\/index.php?rest_route=%2Fwp%2Fv2%2Fcomments&post=155086"}],"version-history":[{"count":0,"href":"https:\/\/diariodominicano.com\/index.php?rest_route=\/wp\/v2\/posts\/155086\/revisions"}],"wp:attachment":[{"href":"https:\/\/diariodominicano.com\/index.php?rest_route=%2Fwp%2Fv2%2Fmedia&parent=155086"}],"wp:term":[{"taxonomy":"category","embeddable":true,"href":"https:\/\/diariodominicano.com\/index.php?rest_route=%2Fwp%2Fv2%2Fcategories&post=155086"},{"taxonomy":"post_tag","embeddable":true,"href":"https:\/\/diariodominicano.com\/index.php?rest_route=%2Fwp%2Fv2%2Ftags&post=155086"}],"curies":[{"name":"wp","href":"https:\/\/api.w.org\/{rel}","templated":true}]}}