{"id":155085,"date":"2010-12-16T19:58:59","date_gmt":"2010-12-16T19:58:59","guid":{"rendered":"http:\/\/diariodominicano.ddns.net\/?p=155085"},"modified":"2010-12-16T19:58:59","modified_gmt":"2010-12-16T19:58:59","slug":"diputados-conocen-proyecto-de-presupuesto-2011","status":"publish","type":"post","link":"https:\/\/diariodominicano.com\/?p=155085","title":{"rendered":"&#13;&#13;Diputados conocen proyecto de presupuesto 2011"},"content":{"rendered":"<p><body><\/p>\n<p><img decoding=\"async\" src=\"img3\/diputados.jpg\" \/>  <\/p>\n<\/p>\n<p><span class=\"text1noticias\">Santo Domingo, 16 Dic 2010.-Los diputados conocen en estos momentos el proyecto de Presupuesto de 2011 sin modificaciones, ya que la comisi\u00f3n que preside Lupe N\u00fa\u00f1ez ratific\u00f3 el mismo informe.<\/span><\/p>\n<\/p>\n<p><span class=\"text1noticias\">El proyecto cuenta con el apoyo del Partido Reformista Social Cristiano que cerca de este mediod\u00eda firm\u00f3 un acuerdo con el Partido de la Liberaci\u00f3n Dominicana (PLD). En cambio los diputados perrede\u00edstas reiteraron que no votar\u00e1n a favor de la pieza porque fue excluido el 4% del PIB para educaci\u00f3n.<\/span><\/p>\n<\/p>\n<p><span class=\"text1noticias\">La sesi\u00f3n estaba pautada para las 10:00 de la ma\u00f1ana, pero inici\u00f3 a la 1:30 de la tarde con otros puntos en la agenda y el Presupuesto est\u00e1 siendo conocido desde las 3:00 de la tarde.<\/span><\/p>\n<\/p>\n<h6> 2010-12-16 19:58:59 <\/h6>\n<p><!--\n<link rel=\"stylesheet\" href=\"css\/bootstrap.min.css\">\n\n\n<ul class=\"pagination\">\n\t    \n\t\n\n<li >\n\t<a href='?page_no=30252'>Previous<\/a>\n\t<\/li>\n\n\n       \n    \n\n<li><a href='?page_no=1'>1<\/a><\/li>\n\n\n\n<li><a href='?page_no=2'>2<\/a><\/li>\n\n\n\n<li><a>...<\/a><\/li>\n\n\n\n<li><a href='?page_no=30251'>30251<\/a><\/li>\n\n\n\n<li><a href='?page_no=30252'>30252<\/a><\/li>\n\n\n\n<li class='active'><a>30253<\/a><\/li>\n\n\n\n<li><a href='?page_no=30254'>30254<\/a><\/li>\n\n\n\n<li><a href='?page_no=30255'>30255<\/a><\/li>\n\n\n\n<li><a>...<\/a><\/li>\n\n\n\n<li><a href='?page_no=31963'>31963<\/a><\/li>\n\n\n\n<li><a href='?page_no=31964'>31964<\/a><\/li>\n\n    \n\t\n\n<li >\n\t<a href='?page_no=30254'>Next<\/a>\n\t<\/li>\n\n\n    \n\n<li><a href='?page_no=31964'>Last &rsaquo;&rsaquo;<\/a><\/li>\n\n<\/ul>\n\n\n--><br \/>\n<\/body><\/p>\n","protected":false},"excerpt":{"rendered":"<p>Santo Domingo, 16 Dic 2010.-Los diputados conocen en estos momentos el proyecto de Presupuesto de 2011 sin modificaciones, ya que la comisi\u00f3n que preside Lupe N\u00fa\u00f1ez ratific\u00f3 el mismo informe. El proyecto cuenta con el apoyo del Partido Reformista Social Cristiano que cerca de este mediod\u00eda firm\u00f3 un acuerdo con el Partido de la Liberaci\u00f3n [&hellip;]<\/p>\n","protected":false},"author":3,"featured_media":0,"comment_status":"open","ping_status":"open","sticky":false,"template":"","format":"standard","meta":{"footnotes":""},"categories":[24],"tags":[],"class_list":["post-155085","post","type-post","status-publish","format-standard","hentry","category-justicia-y-derecho"],"_links":{"self":[{"href":"https:\/\/diariodominicano.com\/index.php?rest_route=\/wp\/v2\/posts\/155085","targetHints":{"allow":["GET"]}}],"collection":[{"href":"https:\/\/diariodominicano.com\/index.php?rest_route=\/wp\/v2\/posts"}],"about":[{"href":"https:\/\/diariodominicano.com\/index.php?rest_route=\/wp\/v2\/types\/post"}],"author":[{"embeddable":true,"href":"https:\/\/diariodominicano.com\/index.php?rest_route=\/wp\/v2\/users\/3"}],"replies":[{"embeddable":true,"href":"https:\/\/diariodominicano.com\/index.php?rest_route=%2Fwp%2Fv2%2Fcomments&post=155085"}],"version-history":[{"count":0,"href":"https:\/\/diariodominicano.com\/index.php?rest_route=\/wp\/v2\/posts\/155085\/revisions"}],"wp:attachment":[{"href":"https:\/\/diariodominicano.com\/index.php?rest_route=%2Fwp%2Fv2%2Fmedia&parent=155085"}],"wp:term":[{"taxonomy":"category","embeddable":true,"href":"https:\/\/diariodominicano.com\/index.php?rest_route=%2Fwp%2Fv2%2Fcategories&post=155085"},{"taxonomy":"post_tag","embeddable":true,"href":"https:\/\/diariodominicano.com\/index.php?rest_route=%2Fwp%2Fv2%2Ftags&post=155085"}],"curies":[{"name":"wp","href":"https:\/\/api.w.org\/{rel}","templated":true}]}}