{"id":155082,"date":"2010-12-16T20:38:23","date_gmt":"2010-12-16T20:38:23","guid":{"rendered":"http:\/\/diariodominicano.ddns.net\/?p=155082"},"modified":"2010-12-16T20:38:23","modified_gmt":"2010-12-16T20:38:23","slug":"ministerio-de-educacion-recibe-334-millones-de-pesos-de-parte-de-la-union-europea-para-mejorar-sistema-educativo-dominicano","status":"publish","type":"post","link":"https:\/\/diariodominicano.com\/?p=155082","title":{"rendered":"Ministerio de Educaci\u00f3n recibe 334 millones de pesos de parte de la Uni\u00f3n Europea para mejorar sistema educativo dominicano."},"content":{"rendered":"<p><body><\/p>\n<p><img decoding=\"async\" src=\"http:\/\/localhost:8080\/justiciayderecho\/img3\/educaci%C3%83%C2%B3n.jpg\" \/>  <\/p>\n<p><span class=\"text1noticias\">Por: Roberto Rodr\u00edguez.<\/span><\/p>\n<p><span class=\"text1noticias\"> <\/span><\/p>\n<p><span class=\"text1noticias\"> Santo Domingo, 16 Dic 2010.- El Ordenador Nacional de los Fondos Europeos para el Desarrollo y la Encargada de la Delegaci\u00f3n de la Uni\u00f3n Europea en el pais entregaron al Ministerio de Educacion  6 millones de euros a traves de su incumbente profesor Melanio Paredes .<\/span><\/p>\n<p><span class=\"text1noticias\"> <\/span><\/p>\n<p><span class=\"text1noticias\">El secretario de Estado y Ordenador Nacional, Domingo Jim\u00e9nez, dijo que los recursos entregados representan la suma de 334 millones 444 mil 450 pesos a la cartera de educaci\u00f3n,  lo cuales  forman parte del Programa de Apoyo a la Pol\u00edtica Sectorial de Educaci\u00f3n, conocido por sus siglas PAPSE I<\/span><\/p>\n<p><span class=\"text1noticias\"> <\/span><\/p>\n<p><span class=\"text1noticias\">Explico el funcionario al hacer la entrega del donativo que el  programa es desarrollado por el Gobierno dominicano con financiamiento no reembolsable de  la Uni\u00f3n Europea en el marco del 9no Fondo Europeo de Desarrollo (9no FED).<\/span><\/p>\n<p><span class=\"text1noticias\"> <\/span><\/p>\n<p><span class=\"text1noticias\">?El PAPSE I  tiene como finalidad mejorar el acceso a toda la Educaci\u00f3n B\u00e1sica de reconocida y sostenida calidad,  mientras se desarrolla la eficiencia y efectividad del sector concebido como un sistema multi-institucional, cercanamente relacionado con los esfuerzos nacionales de desarrollo social y econ\u00f3mico?, manifest\u00f3 Domingo  Jim\u00e9nez ante la entrega de los recursos .<\/span><\/p>\n<p><span class=\"text1noticias\"> <\/span><\/p>\n<p><span class=\"text1noticias\">En tanto que al recibir los recursos el ministro de Educaci\u00f3n, licenciado Melanio Paredes, valor\u00f3 el apoyo que ha dado la Uni\u00f3n Europea a la educaci\u00f3n dominicana y particular a su gesti\u00f3n.<\/span><\/p>\n<p><span class=\"text1noticias\"> <\/span><\/p>\n<p><span class=\"text1noticias\">El funcionario record\u00f3 que hace pocos meses ese ministerio recibi\u00f3 fondos por un monto superior a los 16 millones de euros y m\u00e1s recientemente unas siete escuelas tambi\u00e9n construidas con aportes de la UE.<\/span><\/p>\n<p><span class=\"text1noticias\"> <\/span><\/p>\n<p><span class=\"text1noticias\">Este programa se inici\u00f3 con un monto de 48 millones 200 mil euros, pero en la actualidad la inversi\u00f3n  alcanza los 67 millones 330 mil euros, lo cual llevado a moneda nacional equivale a 3 mil 366 millones 500 mil pesos (tres mil trescientos sesenta y seis millones quinientos mil pesos), dijo el funcionario .<\/span><\/p>\n<p><span class=\"text1noticias\"> <\/span><\/p>\n<p><span class=\"text1noticias\">Durante la rueda de prensa, celebrada en la sede del Ministerio de Educaci\u00f3n, el secretario de Estado y Ordenador Nacional  precis\u00f3 que el PAPSE se ejecuta bajo la nueva modalidad de Apoyo Presupuestario Sectorial que pone en pr\u00e1ctica la Uni\u00f3n Europea en nuestro pa\u00eds.<\/span><\/p>\n<p><span class=\"text1noticias\"> <\/span><\/p>\n<p><span class=\"text1noticias\">De su lado, la Encargada de la Delegaci\u00f3n de la Uni\u00f3n Europea en el pa\u00eds, la embajadora Irene Horejs, al agotar un turno destac\u00f3 el compromiso solidario de la Uni\u00f3n Europea con el desarrollo social, reiterando el \u00e9nfasis sobre un sistema de educaci\u00f3n p\u00fablica de calidad, condici\u00f3n imprescindible para fortalecer la competitividad de la econom\u00eda y la participaci\u00f3n democr\u00e1tica de la ciudadan\u00eda. Se refiri\u00f3 a la educaci\u00f3n como clave del desarrollo sostenible y prioridad para la cooperaci\u00f3n de la Uni\u00f3n Europea.<\/span><\/p>\n<p><span class=\"text1noticias\"> <\/span><\/p>\n<p><span class=\"text1noticias\">Dentro de esos requisitos se citan el avance en las finanzas p\u00fablicas, la estabilidad macroecon\u00f3mica y las pol\u00edticas educativas del Plan Decenal de Educaci\u00f3n 2008?2018 y se definen a trav\u00e9s de indicadores fijos y variables que se eval\u00faan con posterioridad.<\/span><\/p>\n<p><span class=\"text1noticias\"> <\/span><\/p>\n<p><span class=\"text1noticias\">El funcionario precis\u00f3 que la evaluaci\u00f3n hecha en Bruselas por los organismos responsables al \u00faltimo tramo del PAPSE I y a la macroeconom\u00eda del pa\u00eds determin\u00f3 que en esta fecha la Delegaci\u00f3n Europea y el Despacho del Ordenador est\u00e9n entregando los seis millones de euros previamente citados.<\/span><\/p>\n<p>.<\/p>\n<h6> 2010-12-16 20:38:23 <\/h6>\n<p><!--\n<link rel=\"stylesheet\" href=\"css\/bootstrap.min.css\">\n\n\n<ul class=\"pagination\">\n\t    \n\t\n\n<li >\n\t<a href='?page_no=30249'>Previous<\/a>\n\t<\/li>\n\n\n       \n    \n\n<li><a href='?page_no=1'>1<\/a><\/li>\n\n\n\n<li><a href='?page_no=2'>2<\/a><\/li>\n\n\n\n<li><a>...<\/a><\/li>\n\n\n\n<li><a href='?page_no=30248'>30248<\/a><\/li>\n\n\n\n<li><a href='?page_no=30249'>30249<\/a><\/li>\n\n\n\n<li class='active'><a>30250<\/a><\/li>\n\n\n\n<li><a href='?page_no=30251'>30251<\/a><\/li>\n\n\n\n<li><a href='?page_no=30252'>30252<\/a><\/li>\n\n\n\n<li><a>...<\/a><\/li>\n\n\n\n<li><a href='?page_no=31963'>31963<\/a><\/li>\n\n\n\n<li><a href='?page_no=31964'>31964<\/a><\/li>\n\n    \n\t\n\n<li >\n\t<a href='?page_no=30251'>Next<\/a>\n\t<\/li>\n\n\n    \n\n<li><a href='?page_no=31964'>Last &rsaquo;&rsaquo;<\/a><\/li>\n\n<\/ul>\n\n\n--><br \/>\n<\/body><\/p>\n","protected":false},"excerpt":{"rendered":"<p>Por: Roberto Rodr\u00edguez. Santo Domingo, 16 Dic 2010.- El Ordenador Nacional de los Fondos Europeos para el Desarrollo y la Encargada de la Delegaci\u00f3n de la Uni\u00f3n Europea en el pais entregaron al Ministerio de Educacion 6 millones de euros a traves de su incumbente profesor Melanio Paredes . El secretario de Estado y Ordenador [&hellip;]<\/p>\n","protected":false},"author":3,"featured_media":0,"comment_status":"open","ping_status":"open","sticky":false,"template":"","format":"standard","meta":{"footnotes":""},"categories":[24],"tags":[],"class_list":["post-155082","post","type-post","status-publish","format-standard","hentry","category-justicia-y-derecho"],"_links":{"self":[{"href":"https:\/\/diariodominicano.com\/index.php?rest_route=\/wp\/v2\/posts\/155082","targetHints":{"allow":["GET"]}}],"collection":[{"href":"https:\/\/diariodominicano.com\/index.php?rest_route=\/wp\/v2\/posts"}],"about":[{"href":"https:\/\/diariodominicano.com\/index.php?rest_route=\/wp\/v2\/types\/post"}],"author":[{"embeddable":true,"href":"https:\/\/diariodominicano.com\/index.php?rest_route=\/wp\/v2\/users\/3"}],"replies":[{"embeddable":true,"href":"https:\/\/diariodominicano.com\/index.php?rest_route=%2Fwp%2Fv2%2Fcomments&post=155082"}],"version-history":[{"count":0,"href":"https:\/\/diariodominicano.com\/index.php?rest_route=\/wp\/v2\/posts\/155082\/revisions"}],"wp:attachment":[{"href":"https:\/\/diariodominicano.com\/index.php?rest_route=%2Fwp%2Fv2%2Fmedia&parent=155082"}],"wp:term":[{"taxonomy":"category","embeddable":true,"href":"https:\/\/diariodominicano.com\/index.php?rest_route=%2Fwp%2Fv2%2Fcategories&post=155082"},{"taxonomy":"post_tag","embeddable":true,"href":"https:\/\/diariodominicano.com\/index.php?rest_route=%2Fwp%2Fv2%2Ftags&post=155082"}],"curies":[{"name":"wp","href":"https:\/\/api.w.org\/{rel}","templated":true}]}}