{"id":155080,"date":"2010-12-16T22:18:40","date_gmt":"2010-12-16T22:18:40","guid":{"rendered":"http:\/\/diariodominicano.ddns.net\/?p=155080"},"modified":"2010-12-16T22:18:40","modified_gmt":"2010-12-16T22:18:40","slug":"refuta-declaraciones-presidente-del-cdp-sobre-la-presentacion-de-pruebas-requeridas-a-periodistas","status":"publish","type":"post","link":"https:\/\/diariodominicano.com\/?p=155080","title":{"rendered":"Refuta declaraciones presidente del CDP sobre la presentaci\u00f3n de pruebas requeridas a periodistas"},"content":{"rendered":"<p><body><\/p>\n<p><img decoding=\"async\" src=\"http:\/\/localhost:8080\/justiciayderecho\/img3\/T. Suriel.jpg\" \/>  <\/p>\n<p><span class=\"text1noticias\">Santo Domingo, 16 Dic 2010.- El director de Relaciones Publicas de la Superintendencia de Seguros, Tomas Suriel, refut\u00f3 las declaraciones ofrecidas por el presidente del Colegio Dominicana de Periodistas donde \u00e9ste \u00faltimo argumento que los periodistas no deben presentar pruebas sino informaciones.<\/span><\/p>\n<\/p>\n<p><span class=\"text1noticias\">En ese sentido, el periodista y catedr\u00e1tico universitario asegur\u00f3 que en el caso del programa El Informe con Alicia Ortega, los productores y presentadores del referido espacio no presentaron las informaciones, sino que la manipularon y distorsionaron present\u00e1ndolas como irregularidades, cuando en realidad no lo son.<\/span><\/p>\n<\/p>\n<p><span class=\"text1noticias\">\u00abUna cosa es dar a conocer las informaciones que terceros declaran y otras es hacer una supuesta \u00abinvestigaci\u00f3n\u00bb y sacar las conclusiones de que se cometieron irregularidades\u00bb, dijo Suriel.<\/span><\/p>\n<\/p>\n<p><span class=\"text1noticias\"> El funcionario de la Superintendencia de Seguros expres\u00f3 que decir que los periodistas est\u00e1n exentos de presentar pruebas de las denuncias que investigan ser\u00eda otorgarle licencias para asesinar reputaciones.<\/span><\/p>\n<\/p>\n<p><span class=\"text1noticias\">Las declaraciones de Tomas Suriel est\u00e1n contenidas en una comunicaci\u00f3n remitida al presidente del Colegio Dominicano de Periodistas, en la cual expresa que tanto \u00e9l como Guti\u00e9rrez F\u00e9lix son miembros colegiados de esa entidad. En el caso Guti\u00e9rrez F\u00e9lix, este fue declarado por el CDP como \u00abmaestro de generaciones\u00bb  mediante una placa de reconocimiento que le fue entregada en a\u00f1os pasados.<\/span><\/p>\n<\/p>\n<p><span class=\"text1noticias\">En su misiva al Presidente del CDP, Suriel le explica que el comunicado de Guti\u00e9rrez F\u00e9lix y publicado en varios medios de comunicaci\u00f3n no solo se limita a intimar a sus detractores, sino que mediante el mismo solicit\u00f3 al Departamento de la Prevenci\u00f3n de la Corrupci\u00f3n Administrativa (DCPA) que realice las investigaciones pertinentes a fin de establecer la veracidad o falsedad de las supuestas irregularidades de Euclides Guti\u00e9rrez F\u00e9lix y la Superintendencia de Seguros.<\/span><\/p>\n<\/p>\n<p><span class=\"text1noticias\">Suriel manifest\u00f3 al Presidente del CDP de que ambos pertenecen a una misma generaci\u00f3n de periodistas y que ese gremio  esta comprometido a propiciar un ejercicio  period\u00edstico responsable y una comunicaci\u00f3n alejada de intereses pol\u00edticos o competencia por la audiencia nacional.<\/span><\/p>\n<\/p>\n<p><span class=\"text1noticias\">Euclides Guti\u00e9rrez F\u00e9lix, como Superintendente de Seguros, present\u00f3 ante el DCPA, v\u00eda acto de alguacil, una intimaci\u00f3n para que se citen a Alicia Ortega y la productora del programa El Informe Roda Encarnaci\u00f3n, as\u00ed como los directivos de Participaci\u00f3n Ciudadana Javier Cabreja, Juan Bol\u00edvar D\u00edaz, Santiago Sosa y a los dirigentes de la Federaci\u00f3n  de Asociaciones Industriales, para que presenten las  pruebas de las denuncias de supuestas irregularidades presentadas en el programa El Informe del pasado 15 de noviembre. <\/span><\/p>\n<\/p>\n<p><span class=\"text1noticias\">Este trabajo del Informe ha tra\u00eddo un conflicto entre los productores del espacio y el funcionario de la Superintendencia de Seguros quien consider\u00f3 como calumniosas y difamatorias los datos presentados en el citado programa.<\/span><\/p>\n<\/p>\n<p><span class=\"text1noticias\">Las declaraciones de Aurelio Henr\u00edquez, Presidente del CDP, a\u00f1ade un ingrediente al conflicto, donde legalmente tendr\u00e1 que analizarse el Articulo 49 de la Constituci\u00f3n de la Republica, sobre la Libertad de Expresi\u00f3n e Informaci\u00f3n, en cuyo p\u00e1rrafo final expresa:\u00bbEl disfrute de estas libertades se ejercer\u00e1 respetando el derecho al honor, a la intimidad, as\u00ed como a la dignidad y la moral de las personas?\u00bb<\/span><\/p>\n<\/p>\n<\/p>\n<\/p>\n<\/p>\n<\/p>\n<\/p>\n<h6> 2010-12-16 22:18:40 <\/h6>\n<p><!--\n<link rel=\"stylesheet\" href=\"css\/bootstrap.min.css\">\n\n\n<ul class=\"pagination\">\n\t    \n\t\n\n<li >\n\t<a href='?page_no=30247'>Previous<\/a>\n\t<\/li>\n\n\n       \n    \n\n<li><a href='?page_no=1'>1<\/a><\/li>\n\n\n\n<li><a href='?page_no=2'>2<\/a><\/li>\n\n\n\n<li><a>...<\/a><\/li>\n\n\n\n<li><a href='?page_no=30246'>30246<\/a><\/li>\n\n\n\n<li><a href='?page_no=30247'>30247<\/a><\/li>\n\n\n\n<li class='active'><a>30248<\/a><\/li>\n\n\n\n<li><a href='?page_no=30249'>30249<\/a><\/li>\n\n\n\n<li><a href='?page_no=30250'>30250<\/a><\/li>\n\n\n\n<li><a>...<\/a><\/li>\n\n\n\n<li><a href='?page_no=31963'>31963<\/a><\/li>\n\n\n\n<li><a href='?page_no=31964'>31964<\/a><\/li>\n\n    \n\t\n\n<li >\n\t<a href='?page_no=30249'>Next<\/a>\n\t<\/li>\n\n\n    \n\n<li><a href='?page_no=31964'>Last &rsaquo;&rsaquo;<\/a><\/li>\n\n<\/ul>\n\n\n--><br \/>\n<\/body><\/p>\n","protected":false},"excerpt":{"rendered":"<p>Santo Domingo, 16 Dic 2010.- El director de Relaciones Publicas de la Superintendencia de Seguros, Tomas Suriel, refut\u00f3 las declaraciones ofrecidas por el presidente del Colegio Dominicana de Periodistas donde \u00e9ste \u00faltimo argumento que los periodistas no deben presentar pruebas sino informaciones. En ese sentido, el periodista y catedr\u00e1tico universitario asegur\u00f3 que en el caso [&hellip;]<\/p>\n","protected":false},"author":3,"featured_media":0,"comment_status":"open","ping_status":"open","sticky":false,"template":"","format":"standard","meta":{"footnotes":""},"categories":[24],"tags":[],"class_list":["post-155080","post","type-post","status-publish","format-standard","hentry","category-justicia-y-derecho"],"_links":{"self":[{"href":"https:\/\/diariodominicano.com\/index.php?rest_route=\/wp\/v2\/posts\/155080","targetHints":{"allow":["GET"]}}],"collection":[{"href":"https:\/\/diariodominicano.com\/index.php?rest_route=\/wp\/v2\/posts"}],"about":[{"href":"https:\/\/diariodominicano.com\/index.php?rest_route=\/wp\/v2\/types\/post"}],"author":[{"embeddable":true,"href":"https:\/\/diariodominicano.com\/index.php?rest_route=\/wp\/v2\/users\/3"}],"replies":[{"embeddable":true,"href":"https:\/\/diariodominicano.com\/index.php?rest_route=%2Fwp%2Fv2%2Fcomments&post=155080"}],"version-history":[{"count":0,"href":"https:\/\/diariodominicano.com\/index.php?rest_route=\/wp\/v2\/posts\/155080\/revisions"}],"wp:attachment":[{"href":"https:\/\/diariodominicano.com\/index.php?rest_route=%2Fwp%2Fv2%2Fmedia&parent=155080"}],"wp:term":[{"taxonomy":"category","embeddable":true,"href":"https:\/\/diariodominicano.com\/index.php?rest_route=%2Fwp%2Fv2%2Fcategories&post=155080"},{"taxonomy":"post_tag","embeddable":true,"href":"https:\/\/diariodominicano.com\/index.php?rest_route=%2Fwp%2Fv2%2Ftags&post=155080"}],"curies":[{"name":"wp","href":"https:\/\/api.w.org\/{rel}","templated":true}]}}