{"id":155078,"date":"2010-12-16T22:36:28","date_gmt":"2010-12-16T22:36:28","guid":{"rendered":"http:\/\/diariodominicano.ddns.net\/?p=155078"},"modified":"2010-12-16T22:36:28","modified_gmt":"2010-12-16T22:36:28","slug":"retienen-dos-avionetas-procedentes-haiti-con-drogas","status":"publish","type":"post","link":"https:\/\/diariodominicano.com\/?p=155078","title":{"rendered":"Retienen dos avionetas procedentes Haiti con drogas"},"content":{"rendered":"<p><body><\/p>\n<p><img decoding=\"async\" src=\"http:\/\/localhost:8080\/justiciayderecho\/img3\/avioneta d.jpg\" \/>  <\/p>\n<\/p>\n<p><span class=\"text1noticias\">Santo Domingo, 16 Dic 2010.- Agentes de la Direcci\u00f3n Nacional de Control de Drogas (DNCD) retuvieron dos avionetas procedentes de Hait\u00ed en las cuales de detectaron rastros de coca\u00edna en la parte del asiento delantero izquierdo de una y en el maletero de otra.<\/span><\/p>\n<\/p>\n<p><span class=\"text1noticias\">Al efecto, siendo las 7:10 pm del d\u00eda 13 del mes en curso arrib\u00f3 a la Terminal del Aeropuerto Internacional Joaqu\u00edn Balaguer la aeronave con el n\u00famero HI-859 y unos 15 minutos despu\u00e9s otra no. HI-874, ambas provenientes de Puerto Pr\u00edncipe, Hait\u00ed.<\/span><\/p>\n<\/p>\n<p><span class=\"text1noticias\">La informaci\u00f3n, ofrecida por el portavoz de la DNCD, coronel Ram\u00f3n Alcides Rodr\u00edguez Veras, indica que la unidad de inteligencia del organismo recomend\u00f3 realizar un minucioso chequeo a dichas aeronaves.<\/span><\/p>\n<\/p>\n<p><span class=\"text1noticias\">Dijo que al momento de realizarles las respectivas requisas, apoyados en la unidad canina del organismo antinarc\u00f3ticos, esta dio alerta a posibles sustancias controladas en el interior de las dos aeronaves, sin encontrar nada comprometedor.<\/span><\/p>\n<\/p>\n<p><span class=\"text1noticias\">Precis\u00f3 que al lugar se present\u00f3 una unidad del Centro de Informaci\u00f3n y Coordinaci\u00f3n Conjunta (CICC) y otra de la Divisi\u00f3n de Asuntos Internacionales, ambas de la DNCD, en compa\u00f1\u00eda de una unidad de analistas forenses del Instituto Nacional de Ciencias Forenses (INACIF) y de un fiscal adjunto, con la finalidad de realizarle una traza que confirm\u00f3 la presencia de rastros de drogas en las aeronaves.<\/span><\/p>\n<\/p>\n<p><span class=\"text1noticias\">Rodr\u00edguez Veras destac\u00f3 adem\u00e1s, que ambas pertenecen a la Aerol\u00ednea MAS y eran tripuladas por cuatro pilotos, los cuales fueron conducidos a la sede central de la DNCD para ser investigados al respecto siendo despachados posteriormente.<\/span><\/p>\n<\/p>\n<p><span class=\"text1noticias\">Inform\u00f3 que dichas aeronaves permanecen detenidas en esa terminal a\u00e9rea, hasta tanto sean arrojados los resultados de las investigaciones.<\/span><\/p>\n<\/p>\n<h6> 2010-12-16 22:36:28 <\/h6>\n<p><!--\n<link rel=\"stylesheet\" href=\"css\/bootstrap.min.css\">\n\n\n<ul class=\"pagination\">\n\t    \n\t\n\n<li >\n\t<a href='?page_no=30245'>Previous<\/a>\n\t<\/li>\n\n\n       \n    \n\n<li><a href='?page_no=1'>1<\/a><\/li>\n\n\n\n<li><a href='?page_no=2'>2<\/a><\/li>\n\n\n\n<li><a>...<\/a><\/li>\n\n\n\n<li><a href='?page_no=30244'>30244<\/a><\/li>\n\n\n\n<li><a href='?page_no=30245'>30245<\/a><\/li>\n\n\n\n<li class='active'><a>30246<\/a><\/li>\n\n\n\n<li><a href='?page_no=30247'>30247<\/a><\/li>\n\n\n\n<li><a href='?page_no=30248'>30248<\/a><\/li>\n\n\n\n<li><a>...<\/a><\/li>\n\n\n\n<li><a href='?page_no=31963'>31963<\/a><\/li>\n\n\n\n<li><a href='?page_no=31964'>31964<\/a><\/li>\n\n    \n\t\n\n<li >\n\t<a href='?page_no=30247'>Next<\/a>\n\t<\/li>\n\n\n    \n\n<li><a href='?page_no=31964'>Last &rsaquo;&rsaquo;<\/a><\/li>\n\n<\/ul>\n\n\n--><br \/>\n<\/body><\/p>\n","protected":false},"excerpt":{"rendered":"<p>Santo Domingo, 16 Dic 2010.- Agentes de la Direcci\u00f3n Nacional de Control de Drogas (DNCD) retuvieron dos avionetas procedentes de Hait\u00ed en las cuales de detectaron rastros de coca\u00edna en la parte del asiento delantero izquierdo de una y en el maletero de otra. Al efecto, siendo las 7:10 pm del d\u00eda 13 del mes [&hellip;]<\/p>\n","protected":false},"author":3,"featured_media":0,"comment_status":"open","ping_status":"open","sticky":false,"template":"","format":"standard","meta":{"footnotes":""},"categories":[24],"tags":[],"class_list":["post-155078","post","type-post","status-publish","format-standard","hentry","category-justicia-y-derecho"],"_links":{"self":[{"href":"https:\/\/diariodominicano.com\/index.php?rest_route=\/wp\/v2\/posts\/155078","targetHints":{"allow":["GET"]}}],"collection":[{"href":"https:\/\/diariodominicano.com\/index.php?rest_route=\/wp\/v2\/posts"}],"about":[{"href":"https:\/\/diariodominicano.com\/index.php?rest_route=\/wp\/v2\/types\/post"}],"author":[{"embeddable":true,"href":"https:\/\/diariodominicano.com\/index.php?rest_route=\/wp\/v2\/users\/3"}],"replies":[{"embeddable":true,"href":"https:\/\/diariodominicano.com\/index.php?rest_route=%2Fwp%2Fv2%2Fcomments&post=155078"}],"version-history":[{"count":0,"href":"https:\/\/diariodominicano.com\/index.php?rest_route=\/wp\/v2\/posts\/155078\/revisions"}],"wp:attachment":[{"href":"https:\/\/diariodominicano.com\/index.php?rest_route=%2Fwp%2Fv2%2Fmedia&parent=155078"}],"wp:term":[{"taxonomy":"category","embeddable":true,"href":"https:\/\/diariodominicano.com\/index.php?rest_route=%2Fwp%2Fv2%2Fcategories&post=155078"},{"taxonomy":"post_tag","embeddable":true,"href":"https:\/\/diariodominicano.com\/index.php?rest_route=%2Fwp%2Fv2%2Ftags&post=155078"}],"curies":[{"name":"wp","href":"https:\/\/api.w.org\/{rel}","templated":true}]}}