{"id":155077,"date":"2010-12-16T22:48:05","date_gmt":"2010-12-16T22:48:05","guid":{"rendered":"http:\/\/diariodominicano.ddns.net\/?p=155077"},"modified":"2010-12-16T22:48:05","modified_gmt":"2010-12-16T22:48:05","slug":"se-propaga-gripe-ah1n1-en-ejercito-finlandes","status":"publish","type":"post","link":"https:\/\/diariodominicano.com\/?p=155077","title":{"rendered":"&#13; &#13;Se propaga gripe A(H1N1) en ej\u00e9rcito finland\u00e9s"},"content":{"rendered":"<p><body><\/p>\n<p><img decoding=\"async\" src=\"img3\/ejercito.jpg\" \/>  <\/p>\n<p><span class=\"text1noticias\"> <\/span><\/p>\n<p><span class=\"text1noticias\"> <\/span><\/p>\n<\/p>\n<p><span class=\"text1noticias\">HELSINKI, 16 dic (Xinhua) &#8212; La epidemia de gripe A(H1N1) se ha propagado en las bases del ej\u00e9rcito en toda Finlandia con un total de 48 casos confirmados, inform\u00f3 hoy la prensa finlandesa. <\/span><\/p>\n<\/p>\n<p><span class=\"text1noticias\">   Se confirm\u00f3 que un conscripto de una base de la brigada blindada de Hameenlinna, al sur de Finlandia, se convirti\u00f3 en el primer caso de gripe A(H1N1) en Finlandia de nueva temporada de gripe iniciada a finales de noviembre. Otros seis conscriptos fueron diagnosticados a finales de diciembre. <\/span><\/p>\n<\/p>\n<p><span class=\"text1noticias\">   Hasta ahora se han encontrado 48 casos confirmados de gripe A(H1N1) en 14 bases de las Fuerzas de Defensa Finlandesas en todo el pa\u00eds. Adem\u00e1s, m\u00e1s de 1.000 conscriptos han sido examinados por presentar s\u00edntomas relacionados con esta enfermedad. <\/span><\/p>\n<\/p>\n<p><span class=\"text1noticias\">   El profesor Ilkka Julkunen del Instituto Nacional Finland\u00e9s para la Salud y el Bienestar, dijo que la gripe A(H1N1) se est\u00e1 propagando realmente r\u00e1pido en el ej\u00e9rcito finland\u00e9s y posiblemente m\u00e1s all\u00e1 de las bases del ej\u00e9rcito. Se ha confirmado al menos un caso civil en Hameenlinna, cerca del base de la brigada blindada en donde se encontr\u00f3 el primer caso de la temporada. <\/span><\/p>\n<\/p>\n<p><span class=\"text1noticias\">   Sin embargo, Julkunen se\u00f1al\u00f3 que de presentarse una nueva epidemia de gripe A(H1N1), se espera que sea m\u00e1s leve debido a que m\u00e1s de la mitad de los residentes finlandeses fueron vacunados contra la enferemdad. <\/span><\/p>\n<\/p>\n<p><span class=\"text1noticias\">   Seg\u00fan el Instituto Nacional Finland\u00e9s para la Salud y el Bienestar, los casos confirmados de gripe A(H1N1) en Finlandia de mayo de 2009 a marzo de 2010 fueron 7.669, de los cuales 44 fueron fatales. <\/span><\/p>\n<h6> 2010-12-16 22:48:05 <\/h6>\n<p><!--\n<link rel=\"stylesheet\" href=\"css\/bootstrap.min.css\">\n\n\n<ul class=\"pagination\">\n\t    \n\t\n\n<li >\n\t<a href='?page_no=30244'>Previous<\/a>\n\t<\/li>\n\n\n       \n    \n\n<li><a href='?page_no=1'>1<\/a><\/li>\n\n\n\n<li><a href='?page_no=2'>2<\/a><\/li>\n\n\n\n<li><a>...<\/a><\/li>\n\n\n\n<li><a href='?page_no=30243'>30243<\/a><\/li>\n\n\n\n<li><a href='?page_no=30244'>30244<\/a><\/li>\n\n\n\n<li class='active'><a>30245<\/a><\/li>\n\n\n\n<li><a href='?page_no=30246'>30246<\/a><\/li>\n\n\n\n<li><a href='?page_no=30247'>30247<\/a><\/li>\n\n\n\n<li><a>...<\/a><\/li>\n\n\n\n<li><a href='?page_no=31963'>31963<\/a><\/li>\n\n\n\n<li><a href='?page_no=31964'>31964<\/a><\/li>\n\n    \n\t\n\n<li >\n\t<a href='?page_no=30246'>Next<\/a>\n\t<\/li>\n\n\n    \n\n<li><a href='?page_no=31964'>Last &rsaquo;&rsaquo;<\/a><\/li>\n\n<\/ul>\n\n\n--><br \/>\n<\/body><\/p>\n","protected":false},"excerpt":{"rendered":"<p>HELSINKI, 16 dic (Xinhua) &#8212; La epidemia de gripe A(H1N1) se ha propagado en las bases del ej\u00e9rcito en toda Finlandia con un total de 48 casos confirmados, inform\u00f3 hoy la prensa finlandesa. Se confirm\u00f3 que un conscripto de una base de la brigada blindada de Hameenlinna, al sur de Finlandia, se convirti\u00f3 en el [&hellip;]<\/p>\n","protected":false},"author":3,"featured_media":0,"comment_status":"open","ping_status":"open","sticky":false,"template":"","format":"standard","meta":{"footnotes":""},"categories":[24],"tags":[],"class_list":["post-155077","post","type-post","status-publish","format-standard","hentry","category-justicia-y-derecho"],"_links":{"self":[{"href":"https:\/\/diariodominicano.com\/index.php?rest_route=\/wp\/v2\/posts\/155077","targetHints":{"allow":["GET"]}}],"collection":[{"href":"https:\/\/diariodominicano.com\/index.php?rest_route=\/wp\/v2\/posts"}],"about":[{"href":"https:\/\/diariodominicano.com\/index.php?rest_route=\/wp\/v2\/types\/post"}],"author":[{"embeddable":true,"href":"https:\/\/diariodominicano.com\/index.php?rest_route=\/wp\/v2\/users\/3"}],"replies":[{"embeddable":true,"href":"https:\/\/diariodominicano.com\/index.php?rest_route=%2Fwp%2Fv2%2Fcomments&post=155077"}],"version-history":[{"count":0,"href":"https:\/\/diariodominicano.com\/index.php?rest_route=\/wp\/v2\/posts\/155077\/revisions"}],"wp:attachment":[{"href":"https:\/\/diariodominicano.com\/index.php?rest_route=%2Fwp%2Fv2%2Fmedia&parent=155077"}],"wp:term":[{"taxonomy":"category","embeddable":true,"href":"https:\/\/diariodominicano.com\/index.php?rest_route=%2Fwp%2Fv2%2Fcategories&post=155077"},{"taxonomy":"post_tag","embeddable":true,"href":"https:\/\/diariodominicano.com\/index.php?rest_route=%2Fwp%2Fv2%2Ftags&post=155077"}],"curies":[{"name":"wp","href":"https:\/\/api.w.org\/{rel}","templated":true}]}}