{"id":155076,"date":"2010-12-17T14:28:55","date_gmt":"2010-12-17T14:28:55","guid":{"rendered":"http:\/\/diariodominicano.ddns.net\/?p=155076"},"modified":"2010-12-17T14:28:55","modified_gmt":"2010-12-17T14:28:55","slug":"continua-el-alerta-por-oleaje-anormal-costas-del-atlantico-y-ocurrencias-de-lluvias","status":"publish","type":"post","link":"https:\/\/diariodominicano.com\/?p=155076","title":{"rendered":"Contin\u00faa el  alerta por oleaje anormal costas del Atl\u00e1ntico y ocurrencias de lluvias"},"content":{"rendered":"<p><body><\/p>\n<p><img decoding=\"async\" src=\"http:\/\/localhost:8080\/justiciayderecho\/img3\/oleaje irregular.jpg\" \/><br \/><img decoding=\"async\" src=\"http:\/\/localhost:8080\/justiciayderecho\/img3\/oleaje irregular.jpg\" \/>  <\/p>\n<p><span class=\"text1noticias\">Santo Domingo, 17 dic 2010.-  La Oficina Nacional de Meteorolog\u00eda (Onamet) mantiene el alerta por oleaje anormal en las costas del Atl\u00e1ntico en la Rep\u00fablica Dominicana y la ocurrencia de lluvias en casi todo el pa\u00eds.<\/span><\/p>\n<\/p>\n<p><span class=\"text1noticias\">Dijo  que la inestabilidad mar\u00edtima podr\u00eda ocasionar inundaciones costeras en las zonas bajas de la provincia Mar\u00eda Trinidad S\u00e1nchez, estas condiciones tambi\u00e9n est\u00e1n asociado a un tsunami.<\/span><\/p>\n<\/p>\n<p><span class=\"text1noticias\">La Onamet recomend\u00f3 a los turistas y a la poblaci\u00f3n de esta zona abstenerse de ba\u00f1arse o realizar otras actividades en las playas hasta tanto las condiciones retornen a la normalidad.<\/span><\/p>\n<\/p>\n<p><span class=\"text1noticias\">La actividad de lluvias permanecer\u00e1 con pocos cambios este viernes y s\u00e1bado y se espera la ocurrencia de lluvias ligeras y de corta duraci\u00f3n hacia las regiones Noreste, Sureste y la Cordillera Central, especialmente sobre las provincias de Montecristi, Valverde, Puerto Plata, Espaillat, Saman\u00e1, Maria Trinidad S\u00e1nchez, Duarte, Hato Mayor, El Seibo, La Altagracia, La Romana, San Pedro de Macor\u00eds, Monte Plata y S\u00e1nchez Ram\u00edrez.<\/span><\/p>\n<\/p>\n<p><span class=\"text1noticias\">En la provincia de Santo Domingo y el Distrito Nacional contin\u00faan las temperaturas frescas y ligeros incrementos nubosos con lluvias d\u00e9biles y de corta duraci\u00f3n con r\u00e1fagas de vientos en ocasiones<\/span>.<\/p>\n<\/p>\n<\/p>\n<\/p>\n<h6> 2010-12-17 14:28:55 <\/h6>\n<p><!--\n<link rel=\"stylesheet\" href=\"css\/bootstrap.min.css\">\n\n\n<ul class=\"pagination\">\n\t    \n\t\n\n<li >\n\t<a href='?page_no=30243'>Previous<\/a>\n\t<\/li>\n\n\n       \n    \n\n<li><a href='?page_no=1'>1<\/a><\/li>\n\n\n\n<li><a href='?page_no=2'>2<\/a><\/li>\n\n\n\n<li><a>...<\/a><\/li>\n\n\n\n<li><a href='?page_no=30242'>30242<\/a><\/li>\n\n\n\n<li><a href='?page_no=30243'>30243<\/a><\/li>\n\n\n\n<li class='active'><a>30244<\/a><\/li>\n\n\n\n<li><a href='?page_no=30245'>30245<\/a><\/li>\n\n\n\n<li><a href='?page_no=30246'>30246<\/a><\/li>\n\n\n\n<li><a>...<\/a><\/li>\n\n\n\n<li><a href='?page_no=31963'>31963<\/a><\/li>\n\n\n\n<li><a href='?page_no=31964'>31964<\/a><\/li>\n\n    \n\t\n\n<li >\n\t<a href='?page_no=30245'>Next<\/a>\n\t<\/li>\n\n\n    \n\n<li><a href='?page_no=31964'>Last &rsaquo;&rsaquo;<\/a><\/li>\n\n<\/ul>\n\n\n--><br \/>\n<\/body><\/p>\n","protected":false},"excerpt":{"rendered":"<p>Santo Domingo, 17 dic 2010.- La Oficina Nacional de Meteorolog\u00eda (Onamet) mantiene el alerta por oleaje anormal en las costas del Atl\u00e1ntico en la Rep\u00fablica Dominicana y la ocurrencia de lluvias en casi todo el pa\u00eds. Dijo que la inestabilidad mar\u00edtima podr\u00eda ocasionar inundaciones costeras en las zonas bajas de la provincia Mar\u00eda Trinidad S\u00e1nchez, [&hellip;]<\/p>\n","protected":false},"author":3,"featured_media":0,"comment_status":"open","ping_status":"open","sticky":false,"template":"","format":"standard","meta":{"footnotes":""},"categories":[24],"tags":[],"class_list":["post-155076","post","type-post","status-publish","format-standard","hentry","category-justicia-y-derecho"],"_links":{"self":[{"href":"https:\/\/diariodominicano.com\/index.php?rest_route=\/wp\/v2\/posts\/155076","targetHints":{"allow":["GET"]}}],"collection":[{"href":"https:\/\/diariodominicano.com\/index.php?rest_route=\/wp\/v2\/posts"}],"about":[{"href":"https:\/\/diariodominicano.com\/index.php?rest_route=\/wp\/v2\/types\/post"}],"author":[{"embeddable":true,"href":"https:\/\/diariodominicano.com\/index.php?rest_route=\/wp\/v2\/users\/3"}],"replies":[{"embeddable":true,"href":"https:\/\/diariodominicano.com\/index.php?rest_route=%2Fwp%2Fv2%2Fcomments&post=155076"}],"version-history":[{"count":0,"href":"https:\/\/diariodominicano.com\/index.php?rest_route=\/wp\/v2\/posts\/155076\/revisions"}],"wp:attachment":[{"href":"https:\/\/diariodominicano.com\/index.php?rest_route=%2Fwp%2Fv2%2Fmedia&parent=155076"}],"wp:term":[{"taxonomy":"category","embeddable":true,"href":"https:\/\/diariodominicano.com\/index.php?rest_route=%2Fwp%2Fv2%2Fcategories&post=155076"},{"taxonomy":"post_tag","embeddable":true,"href":"https:\/\/diariodominicano.com\/index.php?rest_route=%2Fwp%2Fv2%2Ftags&post=155076"}],"curies":[{"name":"wp","href":"https:\/\/api.w.org\/{rel}","templated":true}]}}