{"id":155072,"date":"2010-12-17T20:05:14","date_gmt":"2010-12-17T20:05:14","guid":{"rendered":"http:\/\/diariodominicano.ddns.net\/?p=155072"},"modified":"2010-12-17T20:05:14","modified_gmt":"2010-12-17T20:05:14","slug":"mercado-binacional-continua-cerrado","status":"publish","type":"post","link":"https:\/\/diariodominicano.com\/?p=155072","title":{"rendered":"&#13;Mercado binacional contin\u00faa cerrado"},"content":{"rendered":"<p><body><\/p>\n<p><img decoding=\"async\" src=\"http:\/\/localhost:8080\/justiciayderecho\/img3\/mercado b.jpg\" \/>  <\/p>\n<\/p>\n<p><span class=\"text1noticias\">Pedernales, 17 Dic 2010.- El Mercado Binacional contin\u00faa cerrado por cuarta semana consecutiva por disposici\u00f3n del Ministerio de Salud P\u00fablica.<\/span><\/p>\n<\/p>\n<p><span class=\"text1noticias\">El \u00e1rea del mercado y carecer de higienes y los cuidados indispensables para la ventas de alimentos tanto agr\u00edcolas como facturados y otros.<\/span><\/p>\n<\/p>\n<p><span class=\"text1noticias\">Decenas de vendedores de esta comunidad fronteriza llevan cuatro semanas ocupando con ventas de productos agr\u00edcolas, ropas, zapatos y otras mercanc\u00edas el espacio de la estructura f\u00edsica del Mercado Municipal.<\/span><\/p>\n<\/p>\n<p><span class=\"text1noticias\">Pese a que las autoridades dispusieron el cierre temporal del Mercado Bilateral para evitar el c\u00f3lera, comerciantes dominicanos de la jurisdicci\u00f3n fronteriza y haitianos realizan las ventas de sus productos agr\u00edcolas y otras mercanc\u00edas.<\/span><\/p>\n<\/p>\n<p><span class=\"text1noticias\">El cierre del Mercado Binacional afecta actualmente la  producci\u00f3n de habichuelas negras, c\u00edtricos y caf\u00e9 en la  zona fronteriza, provocando perdidas millonarias a los productores agr\u00edcolas que llevan cuatro semanas sin poder vender sus cosechas.<\/span><\/p>\n<\/p>\n<p><span class=\"text1noticias\">Las medidas sanitarias que buscan controlar la epidemia del c\u00f3lera, afectan de manera considerable la econom\u00eda de los residentes de esta parte del pa\u00eds.<\/span><\/p>\n<h6> 2010-12-17 20:05:14 <\/h6>\n<p><!--\n<link rel=\"stylesheet\" href=\"css\/bootstrap.min.css\">\n\n\n<ul class=\"pagination\">\n\t    \n\t\n\n<li >\n\t<a href='?page_no=30239'>Previous<\/a>\n\t<\/li>\n\n\n       \n    \n\n<li><a href='?page_no=1'>1<\/a><\/li>\n\n\n\n<li><a href='?page_no=2'>2<\/a><\/li>\n\n\n\n<li><a>...<\/a><\/li>\n\n\n\n<li><a href='?page_no=30238'>30238<\/a><\/li>\n\n\n\n<li><a href='?page_no=30239'>30239<\/a><\/li>\n\n\n\n<li class='active'><a>30240<\/a><\/li>\n\n\n\n<li><a href='?page_no=30241'>30241<\/a><\/li>\n\n\n\n<li><a href='?page_no=30242'>30242<\/a><\/li>\n\n\n\n<li><a>...<\/a><\/li>\n\n\n\n<li><a href='?page_no=31963'>31963<\/a><\/li>\n\n\n\n<li><a href='?page_no=31964'>31964<\/a><\/li>\n\n    \n\t\n\n<li >\n\t<a href='?page_no=30241'>Next<\/a>\n\t<\/li>\n\n\n    \n\n<li><a href='?page_no=31964'>Last &rsaquo;&rsaquo;<\/a><\/li>\n\n<\/ul>\n\n\n--><br \/>\n<\/body><\/p>\n","protected":false},"excerpt":{"rendered":"<p>Pedernales, 17 Dic 2010.- El Mercado Binacional contin\u00faa cerrado por cuarta semana consecutiva por disposici\u00f3n del Ministerio de Salud P\u00fablica. El \u00e1rea del mercado y carecer de higienes y los cuidados indispensables para la ventas de alimentos tanto agr\u00edcolas como facturados y otros. Decenas de vendedores de esta comunidad fronteriza llevan cuatro semanas ocupando con [&hellip;]<\/p>\n","protected":false},"author":3,"featured_media":0,"comment_status":"open","ping_status":"open","sticky":false,"template":"","format":"standard","meta":{"footnotes":""},"categories":[24],"tags":[],"class_list":["post-155072","post","type-post","status-publish","format-standard","hentry","category-justicia-y-derecho"],"_links":{"self":[{"href":"https:\/\/diariodominicano.com\/index.php?rest_route=\/wp\/v2\/posts\/155072","targetHints":{"allow":["GET"]}}],"collection":[{"href":"https:\/\/diariodominicano.com\/index.php?rest_route=\/wp\/v2\/posts"}],"about":[{"href":"https:\/\/diariodominicano.com\/index.php?rest_route=\/wp\/v2\/types\/post"}],"author":[{"embeddable":true,"href":"https:\/\/diariodominicano.com\/index.php?rest_route=\/wp\/v2\/users\/3"}],"replies":[{"embeddable":true,"href":"https:\/\/diariodominicano.com\/index.php?rest_route=%2Fwp%2Fv2%2Fcomments&post=155072"}],"version-history":[{"count":0,"href":"https:\/\/diariodominicano.com\/index.php?rest_route=\/wp\/v2\/posts\/155072\/revisions"}],"wp:attachment":[{"href":"https:\/\/diariodominicano.com\/index.php?rest_route=%2Fwp%2Fv2%2Fmedia&parent=155072"}],"wp:term":[{"taxonomy":"category","embeddable":true,"href":"https:\/\/diariodominicano.com\/index.php?rest_route=%2Fwp%2Fv2%2Fcategories&post=155072"},{"taxonomy":"post_tag","embeddable":true,"href":"https:\/\/diariodominicano.com\/index.php?rest_route=%2Fwp%2Fv2%2Ftags&post=155072"}],"curies":[{"name":"wp","href":"https:\/\/api.w.org\/{rel}","templated":true}]}}