{"id":155071,"date":"2010-12-17T20:11:45","date_gmt":"2010-12-17T20:11:45","guid":{"rendered":"http:\/\/diariodominicano.ddns.net\/?p=155071"},"modified":"2010-12-17T20:11:45","modified_gmt":"2010-12-17T20:11:45","slug":"onu-oficializa-investigacion-sobre-el-colera-haitiano","status":"publish","type":"post","link":"https:\/\/diariodominicano.com\/?p=155071","title":{"rendered":"ONU oficializa investigaci\u00f3n sobre el c\u00f3lera haitiano"},"content":{"rendered":"<p><body><\/p>\n<p><img decoding=\"async\" src=\"img3\/secret.jpg\" \/>  <\/p>\n<\/p>\n<p><span class=\"text1noticias\">Naciones Unidas, 17 Dic 2010.- El secretario general de la ONU, Ban Ki-moon, confirm\u00f3 hoy que pr\u00f3ximamente nombrar\u00e1 un grupo de expertos cient\u00edficos para investigar el origen de la epidemia de c\u00f3lera en Hait\u00ed, que se ha cobrado casi 2,500 vidas y que algunos haitianos atribuyen a los \u00abcascos azules\u00bb nepal\u00edes. <\/span><\/p>\n<\/p>\n<p><span class=\"text1noticias\">\u00abEl panel ser\u00e1 completamente independiente y gozar\u00e1 de acceso completo a todas las instalaciones y personal de la ONU\u00bb, dijo Ban en una conferencia de prensa, al tiempo que precis\u00f3 que los detalles de esta iniciativa se proporcionar\u00e1n m\u00e1s adelante. <\/span><\/p>\n<\/p>\n<p><span class=\"text1noticias\">El m\u00e1ximo responsable de Naciones Unidas asegur\u00f3 que quieren \u00abhacer todos los esfuerzos posibles para llegar al fondo del asunto y encontrar las respuestas que el pueblo haitiano merece\u00bb. <\/span><\/p>\n<\/p>\n<p><span class=\"text1noticias\">El anuncio de la creaci\u00f3n del grupo de expertos ya fue adelantado por el subsecretario general de la ONU para Operaciones de Paz, Alain Le Roy, el pasado mi\u00e9rcoles. <\/span><\/p>\n<\/p>\n<p><span class=\"text1noticias\">Al igual que Le Roy entonces, el secretario general resalt\u00f3 hoy que todas las pruebas realizadas en la base nepal\u00ed de la misi\u00f3n de la ONU en Hait\u00ed (Minustah) en Mirebalais, en el este del pa\u00eds, han resultado negativas. <\/span><\/p>\n<\/p>\n<p><span class=\"text1noticias\">\u00abPero permanecen dudas justificadas y preocupaciones leg\u00edtimas que exigen la mejor respuesta que pueda proporcionar la ciencia\u00bb, agreg\u00f3. <\/span><\/p>\n<\/p>\n<p><span class=\"text1noticias\">El resultado de la investigaci\u00f3n de los expertos puede tener graves implicaciones para el futuro de la Minustah, ya que las sospechas de que fueron sus miembros quienes importaron el c\u00f3lera al pa\u00eds generaron graves disturbios el mes pasado. <\/span><\/p>\n<\/p>\n<p><span class=\"text1noticias\">Al inicio de la propagaci\u00f3n de la enfermedad el pasado octubre, las autoridades de salud expresaron que se trataba de una epidemia \u00abimportada\u00bb y que el r\u00edo Artibonite, que atraviesa las zonas donde se detectaron los primeros casos, fue \u00abcontaminado\u00bb. <\/span><\/p>\n<\/p>\n<p><span class=\"text1noticias\">Un posterior estudio de un epidemi\u00f3logo franc\u00e9s apunt\u00f3 al vertido de heces fecales de la base nepal\u00ed como el origen del brote, pero otros informes han se\u00f1alado otras posibles causas. <\/span><\/p>\n<\/p>\n<p><span class=\"text1noticias\">De todas formas, Ban resalt\u00f3 que la prioridad del organismo sigue siendo salvar la vida de los enfermos, que ya suman 112,330 afectados y se ha extendido por los 10 departamentos del pa\u00eds. <\/span><\/p>\n<\/p>\n<p><span class=\"text1noticias\">Entre otras cosas, se\u00f1al\u00f3 el secretario general, se intenta hacer llegar a los haitianos informaci\u00f3n de que la enfermedad es controlable si se trata a tiempo y se adoptan unos pasos simples y precisos. <\/span><\/p>\n<\/p>\n<p><span class=\"text1noticias\">Al mismo tiempo, lament\u00f3 que el programa de acci\u00f3n que puso en marcha la ONU el mes pasado para atajar la epidemia haya recibido hasta la fecha s\u00f3lo el 21% de los fondos solicitados. <\/span><\/p>\n<\/p>\n<p><span class=\"text1noticias\">\u00abHait\u00ed necesita m\u00e1s doctores, enfermeras y material m\u00e9dico, y lo necesita con urgencia\u00bb, agreg\u00f3.<\/span><\/p>\n<\/p>\n<h6> 2010-12-17 20:11:45 <\/h6>\n<p><!--\n<link rel=\"stylesheet\" href=\"css\/bootstrap.min.css\">\n\n\n<ul class=\"pagination\">\n\t    \n\t\n\n<li >\n\t<a href='?page_no=30238'>Previous<\/a>\n\t<\/li>\n\n\n       \n    \n\n<li><a href='?page_no=1'>1<\/a><\/li>\n\n\n\n<li><a href='?page_no=2'>2<\/a><\/li>\n\n\n\n<li><a>...<\/a><\/li>\n\n\n\n<li><a href='?page_no=30237'>30237<\/a><\/li>\n\n\n\n<li><a href='?page_no=30238'>30238<\/a><\/li>\n\n\n\n<li class='active'><a>30239<\/a><\/li>\n\n\n\n<li><a href='?page_no=30240'>30240<\/a><\/li>\n\n\n\n<li><a href='?page_no=30241'>30241<\/a><\/li>\n\n\n\n<li><a>...<\/a><\/li>\n\n\n\n<li><a href='?page_no=31963'>31963<\/a><\/li>\n\n\n\n<li><a href='?page_no=31964'>31964<\/a><\/li>\n\n    \n\t\n\n<li >\n\t<a href='?page_no=30240'>Next<\/a>\n\t<\/li>\n\n\n    \n\n<li><a href='?page_no=31964'>Last &rsaquo;&rsaquo;<\/a><\/li>\n\n<\/ul>\n\n\n--><br \/>\n<\/body><\/p>\n","protected":false},"excerpt":{"rendered":"<p>Naciones Unidas, 17 Dic 2010.- El secretario general de la ONU, Ban Ki-moon, confirm\u00f3 hoy que pr\u00f3ximamente nombrar\u00e1 un grupo de expertos cient\u00edficos para investigar el origen de la epidemia de c\u00f3lera en Hait\u00ed, que se ha cobrado casi 2,500 vidas y que algunos haitianos atribuyen a los \u00abcascos azules\u00bb nepal\u00edes. \u00abEl panel ser\u00e1 completamente [&hellip;]<\/p>\n","protected":false},"author":3,"featured_media":0,"comment_status":"open","ping_status":"open","sticky":false,"template":"","format":"standard","meta":{"footnotes":""},"categories":[24],"tags":[],"class_list":["post-155071","post","type-post","status-publish","format-standard","hentry","category-justicia-y-derecho"],"_links":{"self":[{"href":"https:\/\/diariodominicano.com\/index.php?rest_route=\/wp\/v2\/posts\/155071","targetHints":{"allow":["GET"]}}],"collection":[{"href":"https:\/\/diariodominicano.com\/index.php?rest_route=\/wp\/v2\/posts"}],"about":[{"href":"https:\/\/diariodominicano.com\/index.php?rest_route=\/wp\/v2\/types\/post"}],"author":[{"embeddable":true,"href":"https:\/\/diariodominicano.com\/index.php?rest_route=\/wp\/v2\/users\/3"}],"replies":[{"embeddable":true,"href":"https:\/\/diariodominicano.com\/index.php?rest_route=%2Fwp%2Fv2%2Fcomments&post=155071"}],"version-history":[{"count":0,"href":"https:\/\/diariodominicano.com\/index.php?rest_route=\/wp\/v2\/posts\/155071\/revisions"}],"wp:attachment":[{"href":"https:\/\/diariodominicano.com\/index.php?rest_route=%2Fwp%2Fv2%2Fmedia&parent=155071"}],"wp:term":[{"taxonomy":"category","embeddable":true,"href":"https:\/\/diariodominicano.com\/index.php?rest_route=%2Fwp%2Fv2%2Fcategories&post=155071"},{"taxonomy":"post_tag","embeddable":true,"href":"https:\/\/diariodominicano.com\/index.php?rest_route=%2Fwp%2Fv2%2Ftags&post=155071"}],"curies":[{"name":"wp","href":"https:\/\/api.w.org\/{rel}","templated":true}]}}