{"id":155070,"date":"2010-12-17T20:14:18","date_gmt":"2010-12-17T20:14:18","guid":{"rendered":"http:\/\/diariodominicano.ddns.net\/?p=155070"},"modified":"2010-12-17T20:14:18","modified_gmt":"2010-12-17T20:14:18","slug":"capital-americana-de-la-cultura-culmina-con-sello-postal","status":"publish","type":"post","link":"https:\/\/diariodominicano.com\/?p=155070","title":{"rendered":"Capital Americana de la Cultura culmina con Sello Postal"},"content":{"rendered":"<p><body><\/p>\n<p><img decoding=\"async\" src=\"http:\/\/localhost:8080\/justiciayderecho\/img3\/Sello Postal.JPG\" \/>  <\/p>\n<\/p>\n<p><em><strong><span class=\"text1noticias\">La estampilla, creada mediante el decreto No. 294-10, busca resaltar la importancia de Santo Domingo, Capital Cultural 2010.<\/span><\/strong><\/em><\/p>\n<\/p>\n<p><span class=\"text1noticias\">Santo Domingo, 17 Dic 2010.- El Ministerio de Cultura (MINC), en coordinaci\u00f3n con el Instituto Postal Dominicano, puso en circulaci\u00f3n una nueva emisi\u00f3n postal alusiva a \u00abSanto Domingo, Capital Americana de la Cultura\u00bb, durante acto realizado en la Sala Ram\u00f3n Oviedo del MINC.<\/span><\/p>\n<\/p>\n<p><span class=\"text1noticias\">Durante el a\u00f1o 2010 Rep\u00fablica Dominicana se hizo sentir a nivel  internacional con una destacada promoci\u00f3n cultural, con la realizaci\u00f3n de, aproximadamente, seiscientos eventos de desarrollo del arte y la cultura, razones suficientes que motivaron a que hoy la capitalidad tuviera su propio sello.<\/span><\/p>\n<\/p>\n<p><span class=\"text1noticias\">El Ministro de Cultura, Jos\u00e9 Rafael Lantigua, presidi\u00f3 el encuentro, le acompa\u00f1aron el Director General del Instituto Postal Dominicano (Inposdom), Modesto Guzm\u00e1n y el  Presidente de la Sociedad Filat\u00e9lica Dominicana, Alejandro Vigniero.<\/span><\/p>\n<\/p>\n<p><span class=\"text1noticias\">Tambi\u00e9n estuvieron presentes los viceministros Bernarda Jorge, Alexander Santana, Lourdes Camilo de Cuello, Mateo Morrison y Catalina V\u00e9lez, miembro del Consejo de Directores del Inposdom.<\/span><\/p>\n<\/p>\n<p><span class=\"text1noticias\">En su discurso Jos\u00e9 Rafael Lantigua manifest\u00f3 que entregan al p\u00fablico, al conocimiento general y sobre todo a la valoraci\u00f3n de los filatelistas dominicanos y extranjeros, este importante sello postal, que tiene un car\u00e1cter especial para todo aquellos que se mantienen fieles a la filatelia.<\/span><\/p>\n<\/p>\n<p><span class=\"text1noticias\">\u00abLa manera m\u00e1s distinguida con la que nosotros podemos dar por terminada la amplia programaci\u00f3n de Santo Domingo como Capital Americana de la Cultura, as\u00ed como hace una semana la puesta en circulaci\u00f3n del libro \u00abSanto Domingo, Visiones de la Ciudad\u00bb, dejaba una constancia permanente de homenaje a la Ciudad Primada de Am\u00e9rica, as\u00ed queremos nosotros que este sello conmemorativo de esta gran jornada deje para la posteridad tambi\u00e9n una constancia en manos de todos los interesados\u00bb, destac\u00f3 Lantigua.<\/span><\/p>\n<\/p>\n<p><span class=\"text1noticias\">De su lado, el Director del Instituto Postal Dominicano, Modesto Guzm\u00e1n, dijo que: \u00absi asumimos que la cultura incluye los valores, las ideas, actitudes, s\u00edmbolos y  conocimientos que dan forma al comportamiento humano y son transmitidas de una generaci\u00f3n a la siguiente, debemos concluir  que los avances culturales deben contribuir a la formaci\u00f3n de ciudadanos m\u00e1s en consonancia con las exigencias de unos tiempos que cambian a velocidad vertiginosa.\u00bb<\/span><\/p>\n<\/p>\n<p><span class=\"text1noticias\">Valor\u00f3 el trabajo realizado durante el desarrollo de la designaci\u00f3n de Santo Domingo como Capital Americana de la Cultura, poniendo al pa\u00eds a un nivel promocional internacional de mucha fuerza.<\/span><\/p>\n<\/p>\n<p><span class=\"text1noticias\">Guzm\u00e1n destac\u00f3 que en relaci\u00f3n a este primordial objetivo el Inposdom, a nombre del gobierno, pone a circular esta emisi\u00f3n de sellos alusivos a tan significativo logro, un logro que debe de llenar de orgullo a todos los dominicanos que se sienten comprometidos con las mejores causas del pa\u00eds.<\/span><\/p>\n<\/p>\n<p><span class=\"text1noticias\">Durante el acto, el Presidente de la Sociedad Filat\u00e9lica Dominicana, AlejandroVigniero,  explic\u00f3 las caracter\u00edsticas del sello postal, que tiene un tama\u00f1o de 30 x 40 mm, dise\u00f1ado por Daniel Ortega y Manuel Pappaterra; con un costo de 26 pesos y una tirada de 30 mil ejemplares.<\/span><\/p>\n<\/p>\n<h6> 2010-12-17 20:14:18 <\/h6>\n<p><!--\n<link rel=\"stylesheet\" href=\"css\/bootstrap.min.css\">\n\n\n<ul class=\"pagination\">\n\t    \n\t\n\n<li >\n\t<a href='?page_no=30237'>Previous<\/a>\n\t<\/li>\n\n\n       \n    \n\n<li><a href='?page_no=1'>1<\/a><\/li>\n\n\n\n<li><a href='?page_no=2'>2<\/a><\/li>\n\n\n\n<li><a>...<\/a><\/li>\n\n\n\n<li><a href='?page_no=30236'>30236<\/a><\/li>\n\n\n\n<li><a href='?page_no=30237'>30237<\/a><\/li>\n\n\n\n<li class='active'><a>30238<\/a><\/li>\n\n\n\n<li><a href='?page_no=30239'>30239<\/a><\/li>\n\n\n\n<li><a href='?page_no=30240'>30240<\/a><\/li>\n\n\n\n<li><a>...<\/a><\/li>\n\n\n\n<li><a href='?page_no=31963'>31963<\/a><\/li>\n\n\n\n<li><a href='?page_no=31964'>31964<\/a><\/li>\n\n    \n\t\n\n<li >\n\t<a href='?page_no=30239'>Next<\/a>\n\t<\/li>\n\n\n    \n\n<li><a href='?page_no=31964'>Last &rsaquo;&rsaquo;<\/a><\/li>\n\n<\/ul>\n\n\n--><br \/>\n<\/body><\/p>\n","protected":false},"excerpt":{"rendered":"<p>La estampilla, creada mediante el decreto No. 294-10, busca resaltar la importancia de Santo Domingo, Capital Cultural 2010. Santo Domingo, 17 Dic 2010.- El Ministerio de Cultura (MINC), en coordinaci\u00f3n con el Instituto Postal Dominicano, puso en circulaci\u00f3n una nueva emisi\u00f3n postal alusiva a \u00abSanto Domingo, Capital Americana de la Cultura\u00bb, durante acto realizado en [&hellip;]<\/p>\n","protected":false},"author":3,"featured_media":0,"comment_status":"open","ping_status":"open","sticky":false,"template":"","format":"standard","meta":{"footnotes":""},"categories":[24],"tags":[],"class_list":["post-155070","post","type-post","status-publish","format-standard","hentry","category-justicia-y-derecho"],"_links":{"self":[{"href":"https:\/\/diariodominicano.com\/index.php?rest_route=\/wp\/v2\/posts\/155070","targetHints":{"allow":["GET"]}}],"collection":[{"href":"https:\/\/diariodominicano.com\/index.php?rest_route=\/wp\/v2\/posts"}],"about":[{"href":"https:\/\/diariodominicano.com\/index.php?rest_route=\/wp\/v2\/types\/post"}],"author":[{"embeddable":true,"href":"https:\/\/diariodominicano.com\/index.php?rest_route=\/wp\/v2\/users\/3"}],"replies":[{"embeddable":true,"href":"https:\/\/diariodominicano.com\/index.php?rest_route=%2Fwp%2Fv2%2Fcomments&post=155070"}],"version-history":[{"count":0,"href":"https:\/\/diariodominicano.com\/index.php?rest_route=\/wp\/v2\/posts\/155070\/revisions"}],"wp:attachment":[{"href":"https:\/\/diariodominicano.com\/index.php?rest_route=%2Fwp%2Fv2%2Fmedia&parent=155070"}],"wp:term":[{"taxonomy":"category","embeddable":true,"href":"https:\/\/diariodominicano.com\/index.php?rest_route=%2Fwp%2Fv2%2Fcategories&post=155070"},{"taxonomy":"post_tag","embeddable":true,"href":"https:\/\/diariodominicano.com\/index.php?rest_route=%2Fwp%2Fv2%2Ftags&post=155070"}],"curies":[{"name":"wp","href":"https:\/\/api.w.org\/{rel}","templated":true}]}}