{"id":155069,"date":"2010-12-17T20:21:36","date_gmt":"2010-12-17T20:21:36","guid":{"rendered":"http:\/\/diariodominicano.ddns.net\/?p=155069"},"modified":"2010-12-17T20:21:36","modified_gmt":"2010-12-17T20:21:36","slug":"decomisan-en-honduras-avioneta-con-500-kilogramos-de-cocaina","status":"publish","type":"post","link":"https:\/\/diariodominicano.com\/?p=155069","title":{"rendered":"Decomisan en Honduras avioneta con 500 kilogramos de coca\u00edna"},"content":{"rendered":"<p><body><\/p>\n<p><span class=\"text1noticias\">Tegucigalpa, 17 dic (Xinhua) .- La polic\u00eda hondure\u00f1a decomis\u00f3 hoy una avioneta que transportaba 500 kilogramos de coca\u00edna en una regi\u00f3n caribe\u00f1a de la Mosquitia, fronteriza con Nicaragua.<\/span><\/p>\n<\/p>\n<p><span class=\"text1noticias\">En una operaci\u00f3n conjunta con el Departamento Antidrogas de Estados Unidos (DEA) se detect\u00f3 la aeronave la noche del jueves, sin embargo el decomiso se llev\u00f3 a cabo este viernes, dijo el vocero policial Leonel Sauceda v\u00eda telef\u00f3nica a Xinhua.<\/span><\/p>\n<\/p>\n<p><span class=\"text1noticias\">En la operaci\u00f3n se confisc\u00f3 tambi\u00e9n el cami\u00f3n en el cual se pretend\u00eda transportar por tierra la droga y una motosierra, sin embargo no se arrestaron personas, agreg\u00f3 el vocero de la polic\u00eda.<\/span><\/p>\n<p><span class=\"text1noticias\"> <\/span><\/p>\n<p><span class=\"text1noticias\">La aeronave decomisada es una Cessna color blanco sin matr\u00edcula, la cual al parecer ingres\u00f3 desde alg\u00fan pa\u00eds de Sudam\u00e9rica. <\/span><\/p>\n<\/p>\n<p><span class=\"text1noticias\">El pasado 2 de noviembre un supuesto narcotraficante perdi\u00f3 la vida en un operaci\u00f3n policial en el Caribe de Honduras, donde tambi\u00e9n se incaut\u00f3 una avioneta que transportaba m\u00e1s de 500 kilogramos de coca\u00edna.<\/span><\/p>\n<\/p>\n<p><span class=\"text1noticias\">El 8 de abril \u00faltimo el presidente hondure\u00f1o Porfirio Lobo Sosa y el embajador de Estados Unidos en este pa\u00eds, Hugo Llorens, inauguraron una base naval en el Caribe para combatir el tr\u00e1fico de droga. En 2009 la polic\u00eda de Honduras decomis\u00f3 al menos 13.000 kilogramos de coca\u00edna en distintas operaciones.<\/span><\/p>\n<h6> 2010-12-17 20:21:36 <\/h6>\n<p><!--\n<link rel=\"stylesheet\" href=\"css\/bootstrap.min.css\">\n\n\n<ul class=\"pagination\">\n\t    \n\t\n\n<li >\n\t<a href='?page_no=30236'>Previous<\/a>\n\t<\/li>\n\n\n       \n    \n\n<li><a href='?page_no=1'>1<\/a><\/li>\n\n\n\n<li><a href='?page_no=2'>2<\/a><\/li>\n\n\n\n<li><a>...<\/a><\/li>\n\n\n\n<li><a href='?page_no=30235'>30235<\/a><\/li>\n\n\n\n<li><a href='?page_no=30236'>30236<\/a><\/li>\n\n\n\n<li class='active'><a>30237<\/a><\/li>\n\n\n\n<li><a href='?page_no=30238'>30238<\/a><\/li>\n\n\n\n<li><a href='?page_no=30239'>30239<\/a><\/li>\n\n\n\n<li><a>...<\/a><\/li>\n\n\n\n<li><a href='?page_no=31963'>31963<\/a><\/li>\n\n\n\n<li><a href='?page_no=31964'>31964<\/a><\/li>\n\n    \n\t\n\n<li >\n\t<a href='?page_no=30238'>Next<\/a>\n\t<\/li>\n\n\n    \n\n<li><a href='?page_no=31964'>Last &rsaquo;&rsaquo;<\/a><\/li>\n\n<\/ul>\n\n\n--><br \/>\n<\/body><\/p>\n","protected":false},"excerpt":{"rendered":"<p>Tegucigalpa, 17 dic (Xinhua) .- La polic\u00eda hondure\u00f1a decomis\u00f3 hoy una avioneta que transportaba 500 kilogramos de coca\u00edna en una regi\u00f3n caribe\u00f1a de la Mosquitia, fronteriza con Nicaragua. En una operaci\u00f3n conjunta con el Departamento Antidrogas de Estados Unidos (DEA) se detect\u00f3 la aeronave la noche del jueves, sin embargo el decomiso se llev\u00f3 a [&hellip;]<\/p>\n","protected":false},"author":3,"featured_media":0,"comment_status":"open","ping_status":"open","sticky":false,"template":"","format":"standard","meta":{"footnotes":""},"categories":[24],"tags":[],"class_list":["post-155069","post","type-post","status-publish","format-standard","hentry","category-justicia-y-derecho"],"_links":{"self":[{"href":"https:\/\/diariodominicano.com\/index.php?rest_route=\/wp\/v2\/posts\/155069","targetHints":{"allow":["GET"]}}],"collection":[{"href":"https:\/\/diariodominicano.com\/index.php?rest_route=\/wp\/v2\/posts"}],"about":[{"href":"https:\/\/diariodominicano.com\/index.php?rest_route=\/wp\/v2\/types\/post"}],"author":[{"embeddable":true,"href":"https:\/\/diariodominicano.com\/index.php?rest_route=\/wp\/v2\/users\/3"}],"replies":[{"embeddable":true,"href":"https:\/\/diariodominicano.com\/index.php?rest_route=%2Fwp%2Fv2%2Fcomments&post=155069"}],"version-history":[{"count":0,"href":"https:\/\/diariodominicano.com\/index.php?rest_route=\/wp\/v2\/posts\/155069\/revisions"}],"wp:attachment":[{"href":"https:\/\/diariodominicano.com\/index.php?rest_route=%2Fwp%2Fv2%2Fmedia&parent=155069"}],"wp:term":[{"taxonomy":"category","embeddable":true,"href":"https:\/\/diariodominicano.com\/index.php?rest_route=%2Fwp%2Fv2%2Fcategories&post=155069"},{"taxonomy":"post_tag","embeddable":true,"href":"https:\/\/diariodominicano.com\/index.php?rest_route=%2Fwp%2Fv2%2Ftags&post=155069"}],"curies":[{"name":"wp","href":"https:\/\/api.w.org\/{rel}","templated":true}]}}