{"id":155067,"date":"2010-12-17T20:34:49","date_gmt":"2010-12-17T20:34:49","guid":{"rendered":"http:\/\/diariodominicano.ddns.net\/?p=155067"},"modified":"2010-12-17T20:34:49","modified_gmt":"2010-12-17T20:34:49","slug":"muere-en-extranas-circunstancias-ejecutivo-peruano-de-pensiones","status":"publish","type":"post","link":"https:\/\/diariodominicano.com\/?p=155067","title":{"rendered":"Muere en extra\u00f1as circunstancias ejecutivo peruano de pensiones"},"content":{"rendered":"<p><body><\/p>\n<p><img decoding=\"async\" src=\"img3\/muerte.jpg\" \/>  <\/p>\n<p><span class=\"text1noticias\">Lima, 17 dic (Xinhua) .- El presidente del directorio de la Administradora de Fondos de Pensiones AFP Integra de Per\u00fa, Bernhard Lotterer Rico, fue hallado muerto esta ma\u00f1ana en la terraza de un edificio, en un hecho ocurrido bajo circunstancias extra\u00f1as. <\/span><\/p>\n<p><span class=\"text1noticias\">  <\/span><\/p>\n<p><span class=\"text1noticias\">Los primeros informes citados por la televisi\u00f3n local indicaron que Lotterer Rico, de 52 a\u00f1os, habr\u00eda ca\u00eddo desde un quinto piso del inmumeble donde habitaba. <\/span><\/p>\n<\/p>\n<p><span class=\"text1noticias\">El noticiario de Am\u00e9rica Televisi\u00f3n dijo que el accidente habr\u00eda ocurrido entre las 6:00 y 7:00, hora local (1100 y 1200 GM), de este viernes. <\/span><\/p>\n<\/p>\n<p><span class=\"text1noticias\">Un patrullero de la Polic\u00eda Nacional lleg\u00f3 al sitio a fin de realizar las primeras investigaciones del caso. <\/span><\/p>\n<p><span class=\"text1noticias\"> <\/span><\/p>\n<p><span class=\"text1noticias\">AFP Integra es una de las cinco empresas m\u00e1s rentables y s\u00f3lidas del sistema privado de pensiones de Per\u00fa. <\/span><\/p>\n<\/p>\n<p><span class=\"text1noticias\">Lotterer Rico, un licenciado en administraci\u00f3n de empresas por la Universidad de Lima y la Universidad peruana ESAN, asumi\u00f3 la presidencia del directorio de AFP Integra el 8 de junio \u00faltimo. El ejecutivo hab\u00eda pertenecido a la empresa desde 2004. <\/span><\/p>\n<\/p>\n<p><span class=\"text1noticias\">Antes de unirse a Integra fue director financiero de la compa\u00f1\u00eda de Seguros Wiese-Aetna. Tambi\u00e9n trabaj\u00f3 en el sistema privado de pensiones en Rep\u00fablica Dominicana, y era miembro en Per\u00fa directivo de la C\u00e1mara Americana de Comercio.<\/span><\/p>\n<h6> 2010-12-17 20:34:49 <\/h6>\n<p><!--\n<link rel=\"stylesheet\" href=\"css\/bootstrap.min.css\">\n\n\n<ul class=\"pagination\">\n\t    \n\t\n\n<li >\n\t<a href='?page_no=30234'>Previous<\/a>\n\t<\/li>\n\n\n       \n    \n\n<li><a href='?page_no=1'>1<\/a><\/li>\n\n\n\n<li><a href='?page_no=2'>2<\/a><\/li>\n\n\n\n<li><a>...<\/a><\/li>\n\n\n\n<li><a href='?page_no=30233'>30233<\/a><\/li>\n\n\n\n<li><a href='?page_no=30234'>30234<\/a><\/li>\n\n\n\n<li class='active'><a>30235<\/a><\/li>\n\n\n\n<li><a href='?page_no=30236'>30236<\/a><\/li>\n\n\n\n<li><a href='?page_no=30237'>30237<\/a><\/li>\n\n\n\n<li><a>...<\/a><\/li>\n\n\n\n<li><a href='?page_no=31963'>31963<\/a><\/li>\n\n\n\n<li><a href='?page_no=31964'>31964<\/a><\/li>\n\n    \n\t\n\n<li >\n\t<a href='?page_no=30236'>Next<\/a>\n\t<\/li>\n\n\n    \n\n<li><a href='?page_no=31964'>Last &rsaquo;&rsaquo;<\/a><\/li>\n\n<\/ul>\n\n\n--><br \/>\n<\/body><\/p>\n","protected":false},"excerpt":{"rendered":"<p>Lima, 17 dic (Xinhua) .- El presidente del directorio de la Administradora de Fondos de Pensiones AFP Integra de Per\u00fa, Bernhard Lotterer Rico, fue hallado muerto esta ma\u00f1ana en la terraza de un edificio, en un hecho ocurrido bajo circunstancias extra\u00f1as. Los primeros informes citados por la televisi\u00f3n local indicaron que Lotterer Rico, de 52 [&hellip;]<\/p>\n","protected":false},"author":3,"featured_media":0,"comment_status":"open","ping_status":"open","sticky":false,"template":"","format":"standard","meta":{"footnotes":""},"categories":[24],"tags":[],"class_list":["post-155067","post","type-post","status-publish","format-standard","hentry","category-justicia-y-derecho"],"_links":{"self":[{"href":"https:\/\/diariodominicano.com\/index.php?rest_route=\/wp\/v2\/posts\/155067","targetHints":{"allow":["GET"]}}],"collection":[{"href":"https:\/\/diariodominicano.com\/index.php?rest_route=\/wp\/v2\/posts"}],"about":[{"href":"https:\/\/diariodominicano.com\/index.php?rest_route=\/wp\/v2\/types\/post"}],"author":[{"embeddable":true,"href":"https:\/\/diariodominicano.com\/index.php?rest_route=\/wp\/v2\/users\/3"}],"replies":[{"embeddable":true,"href":"https:\/\/diariodominicano.com\/index.php?rest_route=%2Fwp%2Fv2%2Fcomments&post=155067"}],"version-history":[{"count":0,"href":"https:\/\/diariodominicano.com\/index.php?rest_route=\/wp\/v2\/posts\/155067\/revisions"}],"wp:attachment":[{"href":"https:\/\/diariodominicano.com\/index.php?rest_route=%2Fwp%2Fv2%2Fmedia&parent=155067"}],"wp:term":[{"taxonomy":"category","embeddable":true,"href":"https:\/\/diariodominicano.com\/index.php?rest_route=%2Fwp%2Fv2%2Fcategories&post=155067"},{"taxonomy":"post_tag","embeddable":true,"href":"https:\/\/diariodominicano.com\/index.php?rest_route=%2Fwp%2Fv2%2Ftags&post=155067"}],"curies":[{"name":"wp","href":"https:\/\/api.w.org\/{rel}","templated":true}]}}