{"id":155056,"date":"2010-12-20T13:45:24","date_gmt":"2010-12-20T13:45:24","guid":{"rendered":"http:\/\/diariodominicano.ddns.net\/?p=155056"},"modified":"2010-12-20T13:45:24","modified_gmt":"2010-12-20T13:45:24","slug":"onamet-dice-vaguada-prefrontal-y-frente-frio-se-desplazan-sobre-el-pais-originando-lluvias-debiles","status":"publish","type":"post","link":"https:\/\/diariodominicano.com\/?p=155056","title":{"rendered":"ONAMET  dice vaguada prefrontal y  frente fr\u00edo se desplazan sobre el pa\u00eds originando lluvias d\u00e9biles"},"content":{"rendered":"<p><body><\/p>\n<p><span class=\"text1noticias\">Santo  Domingo, 20 dic 2010.- La Oficina Nacional de Meteorolog\u00eda (Onamet) inform\u00f3 este lunes  que una vaguada prefrontal y un frente fr\u00edo se desplazan sobre la Rep\u00fablica Dominicana con direcci\u00f3n Este-Sureste originando lluvias d\u00e9biles siendo m\u00e1s frecuentes sobre las regiones Norte, Noreste, Sureste y la cordillera Centra.<\/span><\/p>\n<\/p>\n<p><span class=\"text1noticias\">En tanto que las temperaturas continuaran frescas en todo el territorio dominicano y las condiciones mar\u00edtimas siguen peligrosas para la navegaci\u00f3n.<\/span><\/p>\n<\/p>\n<p><span class=\"text1noticias\">Las lluvias se registran con mayor frecuencia hacia las provincias de Santiago, Espaillat, Hermanas Mirabal, Valverde, Santiago Rodr\u00edguez, Puerto Plata, Santiago, La Vega, Duarte, Mar\u00eda Trinidad S\u00e1nchez, Hato Mayor, San Pedro de Macor\u00eds, La Romana, El seibo, La Altagracia, Monte Plata y S\u00e1nchez Ram\u00edrez.<\/span><\/p>\n<\/p>\n<p><span class=\"text1noticias\">Mientras que, en la provincia de Santo Domingo y el Distrito Nacional el cielo estar\u00e1 medio nublado con lluvias d\u00e9biles y r\u00e1fagas de vientos en ocasiones.<\/span><\/p>\n<\/p>\n<p><span class=\"text1noticias\">En las costas del Atl\u00e1ntico los vientos del Oeste-Noreste oscilan entre quince y 20 nudos y los vientos entre cinco y ocho pies de altura con bajas posibilidades de lluvias.<\/span><\/p>\n<\/p>\n<p><span class=\"text1noticias\">En la bah\u00eda de Saman\u00e1 los vientos del Oeste-Noreste fluct\u00faan entre trece y 20 nudos y olas entre cuatro y pies de altura<\/span>.<\/p>\n<\/p>\n<h6> 2010-12-20 13:45:24 <\/h6>\n<p><!--\n<link rel=\"stylesheet\" href=\"css\/bootstrap.min.css\">\n\n\n<ul class=\"pagination\">\n\t    \n\t\n\n<li >\n\t<a href='?page_no=30223'>Previous<\/a>\n\t<\/li>\n\n\n       \n    \n\n<li><a href='?page_no=1'>1<\/a><\/li>\n\n\n\n<li><a href='?page_no=2'>2<\/a><\/li>\n\n\n\n<li><a>...<\/a><\/li>\n\n\n\n<li><a href='?page_no=30222'>30222<\/a><\/li>\n\n\n\n<li><a href='?page_no=30223'>30223<\/a><\/li>\n\n\n\n<li class='active'><a>30224<\/a><\/li>\n\n\n\n<li><a href='?page_no=30225'>30225<\/a><\/li>\n\n\n\n<li><a href='?page_no=30226'>30226<\/a><\/li>\n\n\n\n<li><a>...<\/a><\/li>\n\n\n\n<li><a href='?page_no=31963'>31963<\/a><\/li>\n\n\n\n<li><a href='?page_no=31964'>31964<\/a><\/li>\n\n    \n\t\n\n<li >\n\t<a href='?page_no=30225'>Next<\/a>\n\t<\/li>\n\n\n    \n\n<li><a href='?page_no=31964'>Last &rsaquo;&rsaquo;<\/a><\/li>\n\n<\/ul>\n\n\n--><br \/>\n<\/body><\/p>\n","protected":false},"excerpt":{"rendered":"<p>Santo Domingo, 20 dic 2010.- La Oficina Nacional de Meteorolog\u00eda (Onamet) inform\u00f3 este lunes que una vaguada prefrontal y un frente fr\u00edo se desplazan sobre la Rep\u00fablica Dominicana con direcci\u00f3n Este-Sureste originando lluvias d\u00e9biles siendo m\u00e1s frecuentes sobre las regiones Norte, Noreste, Sureste y la cordillera Centra. En tanto que las temperaturas continuaran frescas en [&hellip;]<\/p>\n","protected":false},"author":3,"featured_media":0,"comment_status":"open","ping_status":"open","sticky":false,"template":"","format":"standard","meta":{"footnotes":""},"categories":[24],"tags":[],"class_list":["post-155056","post","type-post","status-publish","format-standard","hentry","category-justicia-y-derecho"],"_links":{"self":[{"href":"https:\/\/diariodominicano.com\/index.php?rest_route=\/wp\/v2\/posts\/155056","targetHints":{"allow":["GET"]}}],"collection":[{"href":"https:\/\/diariodominicano.com\/index.php?rest_route=\/wp\/v2\/posts"}],"about":[{"href":"https:\/\/diariodominicano.com\/index.php?rest_route=\/wp\/v2\/types\/post"}],"author":[{"embeddable":true,"href":"https:\/\/diariodominicano.com\/index.php?rest_route=\/wp\/v2\/users\/3"}],"replies":[{"embeddable":true,"href":"https:\/\/diariodominicano.com\/index.php?rest_route=%2Fwp%2Fv2%2Fcomments&post=155056"}],"version-history":[{"count":0,"href":"https:\/\/diariodominicano.com\/index.php?rest_route=\/wp\/v2\/posts\/155056\/revisions"}],"wp:attachment":[{"href":"https:\/\/diariodominicano.com\/index.php?rest_route=%2Fwp%2Fv2%2Fmedia&parent=155056"}],"wp:term":[{"taxonomy":"category","embeddable":true,"href":"https:\/\/diariodominicano.com\/index.php?rest_route=%2Fwp%2Fv2%2Fcategories&post=155056"},{"taxonomy":"post_tag","embeddable":true,"href":"https:\/\/diariodominicano.com\/index.php?rest_route=%2Fwp%2Fv2%2Ftags&post=155056"}],"curies":[{"name":"wp","href":"https:\/\/api.w.org\/{rel}","templated":true}]}}