{"id":155034,"date":"2010-12-21T21:21:52","date_gmt":"2010-12-21T21:21:52","guid":{"rendered":"http:\/\/diariodominicano.ddns.net\/?p=155034"},"modified":"2010-12-21T21:21:52","modified_gmt":"2010-12-21T21:21:52","slug":"marina-de-guerra-informa-muerte-de-organizador-viajes-ilegales","status":"publish","type":"post","link":"https:\/\/diariodominicano.com\/?p=155034","title":{"rendered":"Marina de Guerra informa muerte de organizador viajes ilegales"},"content":{"rendered":"<p><body><\/p>\n<p><img decoding=\"async\" src=\"http:\/\/localhost:8080\/justiciayderecho\/img3\/LAJARA.jpg\" \/>  <\/p>\n<\/p>\n<p><span class=\"text1noticias\">Santo Domingo, 21 Dic 2010.- El organizador de viajes ilegales Alfredo De La Cruz fue encontrado muerto en la Playa de Calet\u00f3n, en la localidad de R\u00edo San Juan, por miembros de la Marina de Guerra que patrullaban en la zona.<\/span><\/p>\n<\/p>\n<p><span class=\"text1noticias\">Mediante un comunicado, la Marina dice  que daba seguimiento a un viaje ilegal que saldr\u00eda de esa zona cuando fueron notificados de que De La Cruz hab\u00eda aparecido muerto.<\/span><\/p>\n<\/p>\n<p><span class=\"text1noticias\">De acuerdo con el comunicado, los miembros de la Marina de inmediato se presentaron al lugar, donde a su llegada confirmaron la veracidad de la informaci\u00f3n recibida y determinaron que \u00e9ste hab\u00eda sustra\u00eddo un cayuco el cual producto del mal tiempo se volc\u00f3 llevando a bordo una mujer hasta el momento desconocida, la cual result\u00f3 ahogada.<\/span><\/p>\n<\/p>\n<p><span class=\"text1noticias\">El vocero  de la Marina, C\u00e9sar Ricardo Reyes Ram\u00edrez, explic\u00f3 que el accidente se produjo a causas del mal tiempo en la zona, mientras \u00e9stos se dirig\u00edan a la playa antes mencionada a recoger cuatro garrafones de gasolina, cinco cuartos de aceite de dos tiempos, productos comestibles y prendas de vestir, que utilizar\u00edan en un viaje ilegal que \u00e9ste organizaba.<\/span><\/p>\n<\/p>\n<p><span class=\"text1noticias\">Inform\u00f3 adem\u00e1s que el vicealmirante Homero Luis Lajara Sol\u00e1, jefe de la Marina, dispuso de inmediato que una comisi\u00f3n de alto nivel investigue todo lo relacionado a este caso a los fines de determinar responsabilidades y someter a la acci\u00f3n de la justicia a los que hayan incurrido en esta pr\u00e1ctica ilegal.<\/span><\/p>\n<\/p>\n<h6> 2010-12-21 21:21:52 <\/h6>\n<p><!--\n<link rel=\"stylesheet\" href=\"css\/bootstrap.min.css\">\n\n\n<ul class=\"pagination\">\n\t    \n\t\n\n<li >\n\t<a href='?page_no=30201'>Previous<\/a>\n\t<\/li>\n\n\n       \n    \n\n<li><a href='?page_no=1'>1<\/a><\/li>\n\n\n\n<li><a href='?page_no=2'>2<\/a><\/li>\n\n\n\n<li><a>...<\/a><\/li>\n\n\n\n<li><a href='?page_no=30200'>30200<\/a><\/li>\n\n\n\n<li><a href='?page_no=30201'>30201<\/a><\/li>\n\n\n\n<li class='active'><a>30202<\/a><\/li>\n\n\n\n<li><a href='?page_no=30203'>30203<\/a><\/li>\n\n\n\n<li><a href='?page_no=30204'>30204<\/a><\/li>\n\n\n\n<li><a>...<\/a><\/li>\n\n\n\n<li><a href='?page_no=31963'>31963<\/a><\/li>\n\n\n\n<li><a href='?page_no=31964'>31964<\/a><\/li>\n\n    \n\t\n\n<li >\n\t<a href='?page_no=30203'>Next<\/a>\n\t<\/li>\n\n\n    \n\n<li><a href='?page_no=31964'>Last &rsaquo;&rsaquo;<\/a><\/li>\n\n<\/ul>\n\n\n--><br \/>\n<\/body><\/p>\n","protected":false},"excerpt":{"rendered":"<p>Santo Domingo, 21 Dic 2010.- El organizador de viajes ilegales Alfredo De La Cruz fue encontrado muerto en la Playa de Calet\u00f3n, en la localidad de R\u00edo San Juan, por miembros de la Marina de Guerra que patrullaban en la zona. Mediante un comunicado, la Marina dice que daba seguimiento a un viaje ilegal que [&hellip;]<\/p>\n","protected":false},"author":3,"featured_media":0,"comment_status":"open","ping_status":"open","sticky":false,"template":"","format":"standard","meta":{"footnotes":""},"categories":[24],"tags":[],"class_list":["post-155034","post","type-post","status-publish","format-standard","hentry","category-justicia-y-derecho"],"_links":{"self":[{"href":"https:\/\/diariodominicano.com\/index.php?rest_route=\/wp\/v2\/posts\/155034","targetHints":{"allow":["GET"]}}],"collection":[{"href":"https:\/\/diariodominicano.com\/index.php?rest_route=\/wp\/v2\/posts"}],"about":[{"href":"https:\/\/diariodominicano.com\/index.php?rest_route=\/wp\/v2\/types\/post"}],"author":[{"embeddable":true,"href":"https:\/\/diariodominicano.com\/index.php?rest_route=\/wp\/v2\/users\/3"}],"replies":[{"embeddable":true,"href":"https:\/\/diariodominicano.com\/index.php?rest_route=%2Fwp%2Fv2%2Fcomments&post=155034"}],"version-history":[{"count":0,"href":"https:\/\/diariodominicano.com\/index.php?rest_route=\/wp\/v2\/posts\/155034\/revisions"}],"wp:attachment":[{"href":"https:\/\/diariodominicano.com\/index.php?rest_route=%2Fwp%2Fv2%2Fmedia&parent=155034"}],"wp:term":[{"taxonomy":"category","embeddable":true,"href":"https:\/\/diariodominicano.com\/index.php?rest_route=%2Fwp%2Fv2%2Fcategories&post=155034"},{"taxonomy":"post_tag","embeddable":true,"href":"https:\/\/diariodominicano.com\/index.php?rest_route=%2Fwp%2Fv2%2Ftags&post=155034"}],"curies":[{"name":"wp","href":"https:\/\/api.w.org\/{rel}","templated":true}]}}