{"id":155033,"date":"2010-12-21T21:47:28","date_gmt":"2010-12-21T21:47:28","guid":{"rendered":"http:\/\/diariodominicano.ddns.net\/?p=155033"},"modified":"2010-12-21T21:47:28","modified_gmt":"2010-12-21T21:47:28","slug":"se-registra-nuevo-amotinamiento-en-carcel-chilena","status":"publish","type":"post","link":"https:\/\/diariodominicano.com\/?p=155033","title":{"rendered":"Se registra nuevo amotinamiento en c\u00e1rcel chilena"},"content":{"rendered":"<p><body><\/p>\n<p><img decoding=\"async\" src=\"http:\/\/localhost:8080\/justiciayderecho\/img3\/carceles.jpg\" \/>  <\/p>\n<p><span class=\"text1noticias\">Santiago, 21 Dic (Xinhua) .- Al menos 13 reos resultaron heridos tras registrarse hoy un enfrentamiento entre custodios y m\u00e1s de 500 presos en la c\u00e1rcel de Antofagasta, al norte del pa\u00eds, debido a las condiciones de hacinamiento. <\/span><\/p>\n<\/p>\n<p><span class=\"text1noticias\">Se trata del  tercer amotinamiento en prisiones chilenas, luego de la tragedia ocurrida en la c\u00e1rcel de San Miguel, en Santiago, donde murieron 81 reclusos tras un incendio, el ocho de diciembre pasado. <\/span><\/p>\n<p><span class=\"text1noticias\">   <\/span><\/p>\n<p><span class=\"text1noticias\">En esta ocasi\u00f3n, unos 650 internos intentaron amotinarse incendiando colchones y enseres, mientras un centenar permaneci\u00f3 en el techo del recinto. <\/span><\/p>\n<\/p>\n<p><span class=\"text1noticias\">Una espesa columna de humo hizo notoria la protesta en Antofagasta, ciudad ubicada a unos 1.370 kil\u00f3metros al norte de la capital. <\/span><\/p>\n<\/p>\n<p><span class=\"text1noticias\">Los presos de Antofasta sostienen desde hace algunos d\u00edas una huelga de hambre en solidaridad con los reos de la c\u00e1rcel de San Miguel y en demanda de mejores condiciones. <\/span><\/p>\n<\/p>\n<p><span class=\"text1noticias\">El presidente de la Asociaci\u00f3n Nacional de Oficiales Penitenciarios, Jos\u00e9 Maldonado se\u00f1al\u00f3 a medios locales que la situaci\u00f3n se encuentra controlada. <\/span><\/p>\n<\/p>\n<p><span class=\"text1noticias\">El 8 de diciembre pasado un incendio tras una ri\u00f1a entre reclusos redujo a cenizas todo un piso del penal capitalino de San Miguel, provocando la muerte de 81 reos. <\/span><\/p>\n<\/p>\n<p><span class=\"text1noticias\">La tragedia destap\u00f3 la situaci\u00f3n de hacinamiento en las c\u00e1rceles chilenas, con una sobrepoblaci\u00f3n del 66 por ciento de acuerdo a las mismas autoridades. <\/span><\/p>\n<\/p>\n<p><span class=\"text1noticias\">La semana pasada se produjeron serios incidentes en la Ex Penitenciar\u00eda de Santiago y en la c\u00e1rcel de la ciudad de Quillota, dejando al menos medio centenar de lesionados.<\/span><\/p>\n<h6> 2010-12-21 21:47:28 <\/h6>\n<p><!--\n<link rel=\"stylesheet\" href=\"css\/bootstrap.min.css\">\n\n\n<ul class=\"pagination\">\n\t    \n\t\n\n<li >\n\t<a href='?page_no=30200'>Previous<\/a>\n\t<\/li>\n\n\n       \n    \n\n<li><a href='?page_no=1'>1<\/a><\/li>\n\n\n\n<li><a href='?page_no=2'>2<\/a><\/li>\n\n\n\n<li><a>...<\/a><\/li>\n\n\n\n<li><a href='?page_no=30199'>30199<\/a><\/li>\n\n\n\n<li><a href='?page_no=30200'>30200<\/a><\/li>\n\n\n\n<li class='active'><a>30201<\/a><\/li>\n\n\n\n<li><a href='?page_no=30202'>30202<\/a><\/li>\n\n\n\n<li><a href='?page_no=30203'>30203<\/a><\/li>\n\n\n\n<li><a>...<\/a><\/li>\n\n\n\n<li><a href='?page_no=31963'>31963<\/a><\/li>\n\n\n\n<li><a href='?page_no=31964'>31964<\/a><\/li>\n\n    \n\t\n\n<li >\n\t<a href='?page_no=30202'>Next<\/a>\n\t<\/li>\n\n\n    \n\n<li><a href='?page_no=31964'>Last &rsaquo;&rsaquo;<\/a><\/li>\n\n<\/ul>\n\n\n--><br \/>\n<\/body><\/p>\n","protected":false},"excerpt":{"rendered":"<p>Santiago, 21 Dic (Xinhua) .- Al menos 13 reos resultaron heridos tras registrarse hoy un enfrentamiento entre custodios y m\u00e1s de 500 presos en la c\u00e1rcel de Antofagasta, al norte del pa\u00eds, debido a las condiciones de hacinamiento. Se trata del tercer amotinamiento en prisiones chilenas, luego de la tragedia ocurrida en la c\u00e1rcel de [&hellip;]<\/p>\n","protected":false},"author":3,"featured_media":0,"comment_status":"open","ping_status":"open","sticky":false,"template":"","format":"standard","meta":{"footnotes":""},"categories":[24],"tags":[],"class_list":["post-155033","post","type-post","status-publish","format-standard","hentry","category-justicia-y-derecho"],"_links":{"self":[{"href":"https:\/\/diariodominicano.com\/index.php?rest_route=\/wp\/v2\/posts\/155033","targetHints":{"allow":["GET"]}}],"collection":[{"href":"https:\/\/diariodominicano.com\/index.php?rest_route=\/wp\/v2\/posts"}],"about":[{"href":"https:\/\/diariodominicano.com\/index.php?rest_route=\/wp\/v2\/types\/post"}],"author":[{"embeddable":true,"href":"https:\/\/diariodominicano.com\/index.php?rest_route=\/wp\/v2\/users\/3"}],"replies":[{"embeddable":true,"href":"https:\/\/diariodominicano.com\/index.php?rest_route=%2Fwp%2Fv2%2Fcomments&post=155033"}],"version-history":[{"count":0,"href":"https:\/\/diariodominicano.com\/index.php?rest_route=\/wp\/v2\/posts\/155033\/revisions"}],"wp:attachment":[{"href":"https:\/\/diariodominicano.com\/index.php?rest_route=%2Fwp%2Fv2%2Fmedia&parent=155033"}],"wp:term":[{"taxonomy":"category","embeddable":true,"href":"https:\/\/diariodominicano.com\/index.php?rest_route=%2Fwp%2Fv2%2Fcategories&post=155033"},{"taxonomy":"post_tag","embeddable":true,"href":"https:\/\/diariodominicano.com\/index.php?rest_route=%2Fwp%2Fv2%2Ftags&post=155033"}],"curies":[{"name":"wp","href":"https:\/\/api.w.org\/{rel}","templated":true}]}}