{"id":155028,"date":"2010-12-22T16:27:04","date_gmt":"2010-12-22T16:27:04","guid":{"rendered":"http:\/\/diariodominicano.ddns.net\/?p=155028"},"modified":"2010-12-22T16:27:04","modified_gmt":"2010-12-22T16:27:04","slug":"el-coe-listo-para-sus-operativos-en-fiestas-navidenas","status":"publish","type":"post","link":"https:\/\/diariodominicano.com\/?p=155028","title":{"rendered":"El COE  listo para sus operativos  en fiestas navide\u00f1as"},"content":{"rendered":"<p><body><\/p>\n<p><span class=\"text1noticias\">Santo Domingo, 22 dic 2010.-  El Centro de Operaciones de Emergencias (COE) en coordinaci\u00f3n con 20 instituciones a nivel nacional, iniciar\u00e1 a partir del pr\u00f3ximo viernes 24 y hasta el domingo 26 la primera fase de los operativos que realizar\u00e1  en estas navidades con miras a preservar vidas y reducir accidentes.<\/span><\/p>\n<\/p>\n<p><span class=\"text1noticias\">El General Juan Manuel M\u00e9ndez Garc\u00eda, director del COE al ofrecer la informaci\u00f3n dijo que la segunda fase comenzar\u00e1 el viernes 31 hasta el domingo 2 de enero del 2011 en horario de 8:00 de la ma\u00f1ana a 6:00 de la tarde.<\/span><\/p>\n<\/p>\n<p><span class=\"text1noticias\">Manifest\u00f3 que 20 mil hombres y Mujeres, entre instituciones y voluntarios  distribuidos en 1,052 puestos de socorro a nivel nacional, 114 ambulancias, 4 hospitales m\u00f3viles y 3 helic\u00f3pteros diseminados en puntos estrat\u00e9gicos, ser\u00e1n las armas con las que contar\u00e1 la instituci\u00f3n en su operativo para la prevenci\u00f3n de accidentes de tr\u00e1nsito.<\/span><\/p>\n<\/p>\n<p><span class=\"text1noticias\">Indic\u00f3 que las motocicletas en los cascos urbanos son el principal problema, ya que estas representan el 83.5% de los accidente de transito y el mayor numero de fallecidos.<\/span><\/p>\n<\/p>\n<p><span class=\"text1noticias\">Entre las causas mas frecuente de este tipo de accidente. Cito la forma inconsciente de los conductores que andan sin los cascos protectores, violando las disposiciones legales, subi\u00e9ndose a los elevados, y cruzando las avenidas y calles sin respetar la luz de los sem\u00e1foros. Situaci\u00f3n que califico de ?penosa?.<\/span><\/p>\n<\/p>\n<p><span class=\"text1noticias\">Entre las instituciones que estar\u00e1n en colaboraci\u00f3n con el COE  est\u00e1n las Fuerzas Armadas, los ministerios de Obras P\u00fablicas, de Interior y Polic\u00eda, de Salud P\u00fablica, Defensa Civil y la Polic\u00eda Nacional, entre otras<\/span>.<\/p>\n<\/p>\n<h6> 2010-12-22 16:27:04 <\/h6>\n<p><!--\n<link rel=\"stylesheet\" href=\"css\/bootstrap.min.css\">\n\n\n<ul class=\"pagination\">\n\t    \n\t\n\n<li >\n\t<a href='?page_no=30195'>Previous<\/a>\n\t<\/li>\n\n\n       \n    \n\n<li><a href='?page_no=1'>1<\/a><\/li>\n\n\n\n<li><a href='?page_no=2'>2<\/a><\/li>\n\n\n\n<li><a>...<\/a><\/li>\n\n\n\n<li><a href='?page_no=30194'>30194<\/a><\/li>\n\n\n\n<li><a href='?page_no=30195'>30195<\/a><\/li>\n\n\n\n<li class='active'><a>30196<\/a><\/li>\n\n\n\n<li><a href='?page_no=30197'>30197<\/a><\/li>\n\n\n\n<li><a href='?page_no=30198'>30198<\/a><\/li>\n\n\n\n<li><a>...<\/a><\/li>\n\n\n\n<li><a href='?page_no=31963'>31963<\/a><\/li>\n\n\n\n<li><a href='?page_no=31964'>31964<\/a><\/li>\n\n    \n\t\n\n<li >\n\t<a href='?page_no=30197'>Next<\/a>\n\t<\/li>\n\n\n    \n\n<li><a href='?page_no=31964'>Last &rsaquo;&rsaquo;<\/a><\/li>\n\n<\/ul>\n\n\n--><br \/>\n<\/body><\/p>\n","protected":false},"excerpt":{"rendered":"<p>Santo Domingo, 22 dic 2010.- El Centro de Operaciones de Emergencias (COE) en coordinaci\u00f3n con 20 instituciones a nivel nacional, iniciar\u00e1 a partir del pr\u00f3ximo viernes 24 y hasta el domingo 26 la primera fase de los operativos que realizar\u00e1 en estas navidades con miras a preservar vidas y reducir accidentes. El General Juan Manuel [&hellip;]<\/p>\n","protected":false},"author":3,"featured_media":0,"comment_status":"open","ping_status":"open","sticky":false,"template":"","format":"standard","meta":{"footnotes":""},"categories":[24],"tags":[],"class_list":["post-155028","post","type-post","status-publish","format-standard","hentry","category-justicia-y-derecho"],"_links":{"self":[{"href":"https:\/\/diariodominicano.com\/index.php?rest_route=\/wp\/v2\/posts\/155028","targetHints":{"allow":["GET"]}}],"collection":[{"href":"https:\/\/diariodominicano.com\/index.php?rest_route=\/wp\/v2\/posts"}],"about":[{"href":"https:\/\/diariodominicano.com\/index.php?rest_route=\/wp\/v2\/types\/post"}],"author":[{"embeddable":true,"href":"https:\/\/diariodominicano.com\/index.php?rest_route=\/wp\/v2\/users\/3"}],"replies":[{"embeddable":true,"href":"https:\/\/diariodominicano.com\/index.php?rest_route=%2Fwp%2Fv2%2Fcomments&post=155028"}],"version-history":[{"count":0,"href":"https:\/\/diariodominicano.com\/index.php?rest_route=\/wp\/v2\/posts\/155028\/revisions"}],"wp:attachment":[{"href":"https:\/\/diariodominicano.com\/index.php?rest_route=%2Fwp%2Fv2%2Fmedia&parent=155028"}],"wp:term":[{"taxonomy":"category","embeddable":true,"href":"https:\/\/diariodominicano.com\/index.php?rest_route=%2Fwp%2Fv2%2Fcategories&post=155028"},{"taxonomy":"post_tag","embeddable":true,"href":"https:\/\/diariodominicano.com\/index.php?rest_route=%2Fwp%2Fv2%2Ftags&post=155028"}],"curies":[{"name":"wp","href":"https:\/\/api.w.org\/{rel}","templated":true}]}}