{"id":155027,"date":"2010-12-22T16:29:30","date_gmt":"2010-12-22T16:29:30","guid":{"rendered":"http:\/\/diariodominicano.ddns.net\/?p=155027"},"modified":"2010-12-22T16:29:30","modified_gmt":"2010-12-22T16:29:30","slug":"ministerio-de-salud-publica-prohibe-la-pesca-y-el-bano-en-el-rio-ozama","status":"publish","type":"post","link":"https:\/\/diariodominicano.com\/?p=155027","title":{"rendered":"Ministerio de Salud P\u00fablica proh\u00edbe la pesca y el ba\u00f1o en el r\u00edo Ozama&#13;"},"content":{"rendered":"<p><body><\/p>\n<p><span class=\"text1noticias\">Santo Domingo, 22 dic 2010.-  El Ministerio de Salud P\u00fablica prohibi\u00f3 de manera temporal la pesca y el ba\u00f1o de personas en el r\u00edo Ozama en el trayecto del Distrito Nacional y la provincia Santo Domingo, como medida preventiva para evitar enfermedades infectocontagiosas.<\/span><\/p>\n<\/p>\n<p><span class=\"text1noticias\">La informaci\u00f3n la dio a conocer el ministro de Salud P\u00fablica, Bautista Rojas G\u00f3mez, quien explic\u00f3 que la misma obedece exclusivamente a razones de car\u00e1cter preventivo, dentro de los esfuerzos de concienciaci\u00f3n de la poblaci\u00f3n de promover estilo de vida saludable.<\/span><\/p>\n<\/p>\n<p><span class=\"text1noticias\">Dijo que personal del Ministerio de Salud est\u00e1 ofreciendo explicaciones a los residentes en las proximidades del r\u00edo, particularmente a pescadores y a las familias cuyos hijos acostumbran a ba\u00f1arse en el mismo, para que comprendan el beneficio de la disposici\u00f3n.<\/span><\/p>\n<\/p>\n<p><span class=\"text1noticias\">Precis\u00f3 que la Marina de Guerra ha sido encargada de la vigilancia de la zona con el prop\u00f3sito de garantizar el cumplimiento de la disposici\u00f3n emanada del Ministerio de Salud P\u00fablica.<\/span><\/p>\n<\/p>\n<p><span class=\"text1noticias\">Rojas G\u00f3mez reiter\u00f3 la exhortaci\u00f3n a la poblaci\u00f3n dominicana a observar de manera estricta las  medidas de prevenci\u00f3n e higiene  recomendadas por las autoridades sanitarias con la finalidad de  evitar enfermedades.<\/span><\/p>\n<\/p>\n<p><span class=\"text1noticias\">Entre las medidas que enfatiza seguir, destaca la manipulaci\u00f3n y protecci\u00f3n adecuada de los alimentos, el lavado de manos constantemente, purificaci\u00f3n del agua, limpieza y desinfecci\u00f3n del hogar y no estornudar sobre la preparaci\u00f3n de los alimentos, entre otras.<\/span><\/p>\n<\/p>\n<p><span class=\"text1noticias\">Asimismo  la importancia de clorificar el agua utilizada para tomar y la higienizaci\u00f3n de pisos, paredes y utensilios de limpieza, lavamanos, ba\u00f1os, ba\u00f1eras y letrinas, ya que el cloro destruye cualquier tipo de g\u00e9rmenes y microbios<\/span>.<\/p>\n<\/p>\n<h6> 2010-12-22 16:29:30 <\/h6>\n<p><!--\n<link rel=\"stylesheet\" href=\"css\/bootstrap.min.css\">\n\n\n<ul class=\"pagination\">\n\t    \n\t\n\n<li >\n\t<a href='?page_no=30194'>Previous<\/a>\n\t<\/li>\n\n\n       \n    \n\n<li><a href='?page_no=1'>1<\/a><\/li>\n\n\n\n<li><a href='?page_no=2'>2<\/a><\/li>\n\n\n\n<li><a>...<\/a><\/li>\n\n\n\n<li><a href='?page_no=30193'>30193<\/a><\/li>\n\n\n\n<li><a href='?page_no=30194'>30194<\/a><\/li>\n\n\n\n<li class='active'><a>30195<\/a><\/li>\n\n\n\n<li><a href='?page_no=30196'>30196<\/a><\/li>\n\n\n\n<li><a href='?page_no=30197'>30197<\/a><\/li>\n\n\n\n<li><a>...<\/a><\/li>\n\n\n\n<li><a href='?page_no=31963'>31963<\/a><\/li>\n\n\n\n<li><a href='?page_no=31964'>31964<\/a><\/li>\n\n    \n\t\n\n<li >\n\t<a href='?page_no=30196'>Next<\/a>\n\t<\/li>\n\n\n    \n\n<li><a href='?page_no=31964'>Last &rsaquo;&rsaquo;<\/a><\/li>\n\n<\/ul>\n\n\n--><br \/>\n<\/body><\/p>\n","protected":false},"excerpt":{"rendered":"<p>Santo Domingo, 22 dic 2010.- El Ministerio de Salud P\u00fablica prohibi\u00f3 de manera temporal la pesca y el ba\u00f1o de personas en el r\u00edo Ozama en el trayecto del Distrito Nacional y la provincia Santo Domingo, como medida preventiva para evitar enfermedades infectocontagiosas. La informaci\u00f3n la dio a conocer el ministro de Salud P\u00fablica, Bautista [&hellip;]<\/p>\n","protected":false},"author":3,"featured_media":0,"comment_status":"open","ping_status":"open","sticky":false,"template":"","format":"standard","meta":{"footnotes":""},"categories":[24],"tags":[],"class_list":["post-155027","post","type-post","status-publish","format-standard","hentry","category-justicia-y-derecho"],"_links":{"self":[{"href":"https:\/\/diariodominicano.com\/index.php?rest_route=\/wp\/v2\/posts\/155027","targetHints":{"allow":["GET"]}}],"collection":[{"href":"https:\/\/diariodominicano.com\/index.php?rest_route=\/wp\/v2\/posts"}],"about":[{"href":"https:\/\/diariodominicano.com\/index.php?rest_route=\/wp\/v2\/types\/post"}],"author":[{"embeddable":true,"href":"https:\/\/diariodominicano.com\/index.php?rest_route=\/wp\/v2\/users\/3"}],"replies":[{"embeddable":true,"href":"https:\/\/diariodominicano.com\/index.php?rest_route=%2Fwp%2Fv2%2Fcomments&post=155027"}],"version-history":[{"count":0,"href":"https:\/\/diariodominicano.com\/index.php?rest_route=\/wp\/v2\/posts\/155027\/revisions"}],"wp:attachment":[{"href":"https:\/\/diariodominicano.com\/index.php?rest_route=%2Fwp%2Fv2%2Fmedia&parent=155027"}],"wp:term":[{"taxonomy":"category","embeddable":true,"href":"https:\/\/diariodominicano.com\/index.php?rest_route=%2Fwp%2Fv2%2Fcategories&post=155027"},{"taxonomy":"post_tag","embeddable":true,"href":"https:\/\/diariodominicano.com\/index.php?rest_route=%2Fwp%2Fv2%2Ftags&post=155027"}],"curies":[{"name":"wp","href":"https:\/\/api.w.org\/{rel}","templated":true}]}}