{"id":155022,"date":"2010-12-22T20:32:18","date_gmt":"2010-12-22T20:32:18","guid":{"rendered":"http:\/\/diariodominicano.ddns.net\/?p=155022"},"modified":"2010-12-22T20:32:18","modified_gmt":"2010-12-22T20:32:18","slug":"ecuador-rechaza-ser-refugio-de-delincuentes-como-afirma-el-pais","status":"publish","type":"post","link":"https:\/\/diariodominicano.com\/?p=155022","title":{"rendered":"Ecuador rechaza ser refugio de delincuentes como afirma El Pa\u00eds"},"content":{"rendered":"<p><body><\/p>\n<p><img decoding=\"async\" src=\"http:\/\/localhost:8080\/justiciayderecho\/img3\/patrullero.jpg\" \/>  <\/p>\n<p><span class=\"text1noticias\">QUITO, 22 Dic 2010 (Xinhua) .- Ecuador rechaz\u00f3 hoy ser un \u00abcoladero\u00bb de delincuentes de otros pa\u00edses como lo afirm\u00f3 el pasado viernes el diario espa\u00f1ol El Pa\u00eds, en un reportaje en el que asegura que esta naci\u00f3n tiene una de las pol\u00edticas de visados m\u00e1s laxas del mundo. <\/span><\/p>\n<\/p>\n<p><span class=\"text1noticias\">\u00abLas afirmaciones del diario El Pa\u00eds reflejan un profundo desconocimiento de la realidad nacional\u00bb de Ecuador, se\u00f1al\u00f3 el Director de la Oficina de Refugiados de la canciller\u00eda ecuatoriana, Alfonso Morales, al canal privado Ecuavisa. <\/span><\/p>\n<\/p>\n<p><span class=\"text1noticias\">El diplom\u00e1tico neg\u00f3 que Ecuador sea un lugar donde se albergan delincuentes de otros pa\u00edses, especialmente de Colombia, al precisar que el estatus de refugiado que otorga la canciller\u00eda \u00abno est\u00e1 destinado a favorecer a delincuentes\u00bb. <\/span><\/p>\n<\/p>\n<p><span class=\"text1noticias\">Ecuador ha otorgado ese estatus a unos 53.000 desplazados colombianos que han solicitado refugio en territorio nacional, pero seg\u00fan las autoridades, un total de 135.000 ciudadanos de ese pa\u00eds residen en Ecuador con alguna necesidad de protecci\u00f3n internacional. <\/span><\/p>\n<\/p>\n<p><span class=\"text1noticias\">Morales sostuvo que la pol\u00edtica ecuatoriana en materia de refugio es \u00abuna pol\u00edtica proactiva en defensa de los derechos humanos y de respeto a la dignidad del ser humano\u00bb y subray\u00f3 que de ninguna manera est\u00e1 dirigida a favorecer a delincuentes. <\/span><\/p>\n<\/p>\n<p><span class=\"text1noticias\">\u00abEl estatus de refugiado no est\u00e1 destinado a favorecer a delincuentes, sino a favorecer a personas que necesitan protecci\u00f3n internacional en virtud de la existencia de un conflicto armado, como ocurre concretamente en Colombia\u00bb, apunt\u00f3. <\/span><\/p>\n<\/p>\n<p><span class=\"text1noticias\">Admiti\u00f3 sin embargo, que refugiados colombianos se han visto involucrados en hechos delictivos en Ecuador. <\/span><\/p>\n<\/p>\n<p><span class=\"text1noticias\">\u00abDe los delincuentes que se encuentran detenidos y procesados por los \u00f3rganos judiciales, el cuatro por ciento son extranjeros. Es decir que de cada 100 detenidos por la comisi\u00f3n de delitos comunes, cuatro son extranjeros y de \u00e9sos el 1,5 por ciento son refugiados o solicitantes de refugio\u00bb, expuso el diplom\u00e1tico. <\/span><\/p>\n<\/p>\n<p><span class=\"text1noticias\">Morales dijo que lamentablemente los \u00abrefugiados\u00bb involucrados en la comisi\u00f3n de un delito com\u00fan no pueden ser deportados a su pa\u00eds de origen debido a que la Constituci\u00f3n ecuatoriana y la Convenci\u00f3n de las Naciones Unidas en materia de refugiados \u00abestablecen el principio de no devoluci\u00f3n\u00bb. <\/span><\/p>\n<\/p>\n<p><span class=\"text1noticias\">\u00abLa revocatoria del estatus de refugiado a quien ha cometido delitos graves solo se puede dar cuando el acusado ha recibido sentencia condenatoria y ha cumplido la misma, para luego ser deportado\u00bb, se\u00f1al\u00f3. <\/span><\/p>\n<\/p>\n<p><span class=\"text1noticias\">Asimismo, Morales desestim\u00f3 que la eliminaci\u00f3n de visados a extranjeros en 2008 haya provocado una avalancha de miles de inmigrantes cubanos, chinos y ciudadanos del este de Africa, sospechosos de narcotr\u00e1fico y terrorismo, como asever\u00f3 el reportaje del diario espa\u00f1ol. <\/span><\/p>\n<\/p>\n<p><span class=\"text1noticias\">El funcionario destac\u00f3 que esa pol\u00edtica de \u00abpuertas abiertas\u00bb se modific\u00f3 en septiembre pasado cuando el gobierno volvi\u00f3 a imponer visa a diez pa\u00edses de Africa y Asia, por existir sospechas de trata ilegal de personas.<\/span><\/p>\n<p><span class=\"text1noticias\"> <\/span><\/p>\n<p><span class=\"text1noticias\">Entre esos pa\u00edses figuran: Afganist\u00e1n, Bangladesh, Eritrea, Etiop\u00eda, Kenia, Nepal, Nigeria, Pakist\u00e1n y Somalia, record\u00f3. <\/span><\/p>\n<\/p>\n<p><span class=\"text1noticias\">Respecto al libre ingreso de colombianos y peruanos, Morales, destac\u00f3 que desde hace 60 a\u00f1os no se pide visa a los ciudadanos de esos pa\u00edses bajo el amparo de acuerdos en el marco de la Comunidad Andina de Naciones (CAN).<\/span> <\/p>\n<\/p>\n<h6> 2010-12-22 20:32:18 <\/h6>\n<p><!--\n<link rel=\"stylesheet\" href=\"css\/bootstrap.min.css\">\n\n\n<ul class=\"pagination\">\n\t    \n\t\n\n<li >\n\t<a href='?page_no=30189'>Previous<\/a>\n\t<\/li>\n\n\n       \n    \n\n<li><a href='?page_no=1'>1<\/a><\/li>\n\n\n\n<li><a href='?page_no=2'>2<\/a><\/li>\n\n\n\n<li><a>...<\/a><\/li>\n\n\n\n<li><a href='?page_no=30188'>30188<\/a><\/li>\n\n\n\n<li><a href='?page_no=30189'>30189<\/a><\/li>\n\n\n\n<li class='active'><a>30190<\/a><\/li>\n\n\n\n<li><a href='?page_no=30191'>30191<\/a><\/li>\n\n\n\n<li><a href='?page_no=30192'>30192<\/a><\/li>\n\n\n\n<li><a>...<\/a><\/li>\n\n\n\n<li><a href='?page_no=31963'>31963<\/a><\/li>\n\n\n\n<li><a href='?page_no=31964'>31964<\/a><\/li>\n\n    \n\t\n\n<li >\n\t<a href='?page_no=30191'>Next<\/a>\n\t<\/li>\n\n\n    \n\n<li><a href='?page_no=31964'>Last &rsaquo;&rsaquo;<\/a><\/li>\n\n<\/ul>\n\n\n--><br \/>\n<\/body><\/p>\n","protected":false},"excerpt":{"rendered":"<p>QUITO, 22 Dic 2010 (Xinhua) .- Ecuador rechaz\u00f3 hoy ser un \u00abcoladero\u00bb de delincuentes de otros pa\u00edses como lo afirm\u00f3 el pasado viernes el diario espa\u00f1ol El Pa\u00eds, en un reportaje en el que asegura que esta naci\u00f3n tiene una de las pol\u00edticas de visados m\u00e1s laxas del mundo. \u00abLas afirmaciones del diario El Pa\u00eds [&hellip;]<\/p>\n","protected":false},"author":3,"featured_media":0,"comment_status":"open","ping_status":"open","sticky":false,"template":"","format":"standard","meta":{"footnotes":""},"categories":[24],"tags":[],"class_list":["post-155022","post","type-post","status-publish","format-standard","hentry","category-justicia-y-derecho"],"_links":{"self":[{"href":"https:\/\/diariodominicano.com\/index.php?rest_route=\/wp\/v2\/posts\/155022","targetHints":{"allow":["GET"]}}],"collection":[{"href":"https:\/\/diariodominicano.com\/index.php?rest_route=\/wp\/v2\/posts"}],"about":[{"href":"https:\/\/diariodominicano.com\/index.php?rest_route=\/wp\/v2\/types\/post"}],"author":[{"embeddable":true,"href":"https:\/\/diariodominicano.com\/index.php?rest_route=\/wp\/v2\/users\/3"}],"replies":[{"embeddable":true,"href":"https:\/\/diariodominicano.com\/index.php?rest_route=%2Fwp%2Fv2%2Fcomments&post=155022"}],"version-history":[{"count":0,"href":"https:\/\/diariodominicano.com\/index.php?rest_route=\/wp\/v2\/posts\/155022\/revisions"}],"wp:attachment":[{"href":"https:\/\/diariodominicano.com\/index.php?rest_route=%2Fwp%2Fv2%2Fmedia&parent=155022"}],"wp:term":[{"taxonomy":"category","embeddable":true,"href":"https:\/\/diariodominicano.com\/index.php?rest_route=%2Fwp%2Fv2%2Fcategories&post=155022"},{"taxonomy":"post_tag","embeddable":true,"href":"https:\/\/diariodominicano.com\/index.php?rest_route=%2Fwp%2Fv2%2Ftags&post=155022"}],"curies":[{"name":"wp","href":"https:\/\/api.w.org\/{rel}","templated":true}]}}